
{"id":24840,"date":"2026-04-27T11:41:32","date_gmt":"2026-04-27T09:41:32","guid":{"rendered":"https:\/\/ecogestion-legt.enseigne.ac-lyon.fr\/legt\/?p=24840"},"modified":"2026-04-27T11:41:34","modified_gmt":"2026-04-27T09:41:34","slug":"trophee-de-bronze-pour-le-jt-de-16h30-un-reportage-sur-le-bts-sam","status":"publish","type":"post","link":"https:\/\/ecogestion-legt.enseigne.ac-lyon.fr\/legt\/trophee-de-bronze-pour-le-jt-de-16h30-un-reportage-sur-le-bts-sam\/","title":{"rendered":"\u00c9coGest Lyon : TROPH\u00c9E DE BRONZE pour le \u00ab JT DE 16H30, un reportage sur le BTS SAM \u00bb"},"content":{"rendered":"\n<p>Audrey Combaluzier, Guillaume Julien, Tiphaine Lachal \u2013 CC BY NC SA \u2013 31 mars 2026<\/p>\n\n\n\n<div class=\"wp-block-media-text is-stacked-on-mobile\" style=\"grid-template-columns:17% auto\"><figure class=\"wp-block-media-text__media\"><img loading=\"lazy\" decoding=\"async\" width=\"208\" height=\"101\" src=\"https:\/\/ecogestion-legt.enseigne.ac-lyon.fr\/legt\/wp-content\/uploads\/2026\/04\/image-5.png\" alt=\"\" class=\"wp-image-24841 size-full\" srcset=\"https:\/\/ecogestion-legt.enseigne.ac-lyon.fr\/legt\/wp-content\/uploads\/2026\/04\/image-5.png 208w, https:\/\/ecogestion-legt.enseigne.ac-lyon.fr\/legt\/wp-content\/uploads\/2026\/04\/image-5-170x83.png 170w, https:\/\/ecogestion-legt.enseigne.ac-lyon.fr\/legt\/wp-content\/uploads\/2026\/04\/image-5-90x44.png 90w\" sizes=\"auto, (max-width: 208px) 100vw, 208px\" \/><\/figure><div class=\"wp-block-media-text__content\">\n<p>Dans le cadre des ateliers de professionnalisation men\u00e9s au sein de leur association SAM\u2019Arche, les \u00e9tudiants du BTS SAM de TEZENAS DU MONTCEL se sont lanc\u00e9 le d\u00e9fi de proposer un court m\u00e9trage dans le cadre du concours national \u00ab Je filme ma formation \u00bb afin de promouvoir ce BTS qui m\u00e9rite tant d\u2019\u00eatre mis en lumi\u00e8re.<\/p>\n<\/div><\/div>\n\n\n\n<p>Apr\u00e8s une premi\u00e8re phase de r\u00e9flexion, il est apparu que le groupe projet souhaitait r\u00e9aliser une vid\u00e9o qui ne se limitait pas \u00e0 \u00e9voquer des mati\u00e8res et des comp\u00e9tences mais qui proposait un vrai court m\u00e9trage construit autour d\u2019un sc\u00e9nario qui serait le support de la pr\u00e9sentation.<br>Fin janvier, le projet est pr\u00eat \u00e0 \u00eatre envoy\u00e9 : et si un reporteur venait \u00e0 Saint \u00c9tienne, \u00e0 la rencontre des \u00e9tudiants qui ont remport\u00e9 un troph\u00e9e \u00ab Je filme ma formation \u00bb \u2026 un beau r\u00eave pour tous ceux qui se sont investis dans ce travail.<br>Pour voir le court m\u00e9trage : <a href=\"https:\/\/www.youtube.com\/watch?v=dhrtKjbxICg\">https:\/\/www.youtube.com\/watch?v=dhrtKjbxICg<\/a><br><\/p>\n\n\n\n<p>D\u00e9but f\u00e9vrier, la premi\u00e8re \u00e9tape est franchie : nous int\u00e9grons la s\u00e9lection officielle ! Cette premi\u00e8re phase \u00e9limine 50% des projets propos\u00e9s pour n\u2019en garder que 527 et nous \u00e9tions d\u00e9j\u00e0 tr\u00e8s heureux de b\u00e9n\u00e9ficier du s\u00e9same pour la c\u00e9r\u00e9monie de remise des prix et esp\u00e9rer remporter un troph\u00e9e.<br>C\u2019est ainsi que le mardi 31 mars dernier, 4 repr\u00e9sentants du BTS SAM ont assist\u00e9 \u00e0 la c\u00e9r\u00e9monie de remise des Troph\u00e9es de la 10\u00e8me \u00e9dition du concours \u00ab Je filme ma formation \u00bb qui se d\u00e9roulait au Grand Rex \u00e0 Paris et qui r\u00e9unissait, dans la plus grande salle de cin\u00e9ma d\u2019Europe, plus de 2 700 participants.<br>Nous sommes repartis aur\u00e9ol\u00e9s d\u2019un troph\u00e9e de Bronze r\u00e9compensant le travail et l\u2019investissement de nos \u00e9tudiants.<\/p>\n\n\n\n<p>Participer \u00e0 cette c\u00e9r\u00e9monie nous a permis de mieux comprendre les attentes des jurys, de d\u00e9couvrir de nombreux projets \u2026. Et de repartir avec quelques id\u00e9es pour la 11\u00e8me \u00e9dition\u2026.<br>Derni\u00e8re \u00e9tape : la finale r\u00e9gionale du concours pour laquelle nous sommes \u00e9galement en s\u00e9lection officielle  !!<\/p>\n","protected":false},"excerpt":{"rendered":"<p>Audrey Combaluzier, Guillaume Julien, Tiphaine Lachal \u2013 CC BY NC SA \u2013 31 mars 2026 Dans le cadre des ateliers de professionnalisation men\u00e9s au sein de leur association SAM\u2019Arche, les \u00e9tudiants du BTS SAM de TEZENAS DU MONTCEL se sont lanc\u00e9 le d\u00e9fi de proposer un court m\u00e9trage dans le cadre du concours national \u00ab [&hellip;]<\/p>\n","protected":false},"author":102,"featured_media":24841,"comment_status":"closed","ping_status":"open","sticky":false,"template":"","format":"standard","meta":{"footnotes":""},"categories":[905,293,81,35],"tags":[500,546,562,402],"class_list":["post-24840","post","type-post","status-publish","format-standard","has-post-thumbnail","hentry","category-alaune","category-actualites-bts-am-sam","category-wiki-adminsitrateurs","category-bts-sam","tag-accueil_video_une","tag-bts-sam","tag-ecogestion","tag-accueil_zoom_video"],"_links":{"self":[{"href":"https:\/\/ecogestion-legt.enseigne.ac-lyon.fr\/legt\/wp-json\/wp\/v2\/posts\/24840","targetHints":{"allow":["GET"]}}],"collection":[{"href":"https:\/\/ecogestion-legt.enseigne.ac-lyon.fr\/legt\/wp-json\/wp\/v2\/posts"}],"about":[{"href":"https:\/\/ecogestion-legt.enseigne.ac-lyon.fr\/legt\/wp-json\/wp\/v2\/types\/post"}],"author":[{"embeddable":true,"href":"https:\/\/ecogestion-legt.enseigne.ac-lyon.fr\/legt\/wp-json\/wp\/v2\/users\/102"}],"replies":[{"embeddable":true,"href":"https:\/\/ecogestion-legt.enseigne.ac-lyon.fr\/legt\/wp-json\/wp\/v2\/comments?post=24840"}],"version-history":[{"count":1,"href":"https:\/\/ecogestion-legt.enseigne.ac-lyon.fr\/legt\/wp-json\/wp\/v2\/posts\/24840\/revisions"}],"predecessor-version":[{"id":24842,"href":"https:\/\/ecogestion-legt.enseigne.ac-lyon.fr\/legt\/wp-json\/wp\/v2\/posts\/24840\/revisions\/24842"}],"wp:featuredmedia":[{"embeddable":true,"href":"https:\/\/ecogestion-legt.enseigne.ac-lyon.fr\/legt\/wp-json\/wp\/v2\/media\/24841"}],"wp:attachment":[{"href":"https:\/\/ecogestion-legt.enseigne.ac-lyon.fr\/legt\/wp-json\/wp\/v2\/media?parent=24840"}],"wp:term":[{"taxonomy":"category","embeddable":true,"href":"https:\/\/ecogestion-legt.enseigne.ac-lyon.fr\/legt\/wp-json\/wp\/v2\/categories?post=24840"},{"taxonomy":"post_tag","embeddable":true,"href":"https:\/\/ecogestion-legt.enseigne.ac-lyon.fr\/legt\/wp-json\/wp\/v2\/tags?post=24840"}],"curies":[{"name":"wp","href":"https:\/\/api.w.org\/{rel}","templated":true}]}}