
{"id":24837,"date":"2026-04-27T11:34:42","date_gmt":"2026-04-27T09:34:42","guid":{"rendered":"https:\/\/ecogestion-legt.enseigne.ac-lyon.fr\/legt\/?p=24837"},"modified":"2026-04-27T11:34:43","modified_gmt":"2026-04-27T09:34:43","slug":"msgn-une-journee-pour-prendre-du-recul-et-repartir-avec-des-idees-concretes","status":"publish","type":"post","link":"https:\/\/ecogestion-legt.enseigne.ac-lyon.fr\/legt\/msgn-une-journee-pour-prendre-du-recul-et-repartir-avec-des-idees-concretes\/","title":{"rendered":"\u00c9coGest Lyon : MSGN : une journ\u00e9e pour prendre du recul\u2026 et repartir avec des id\u00e9es concr\u00e8tes"},"content":{"rendered":"\n<p><strong>Delage Laury- St\u00e9phanie Crepet \u2013 Murielle Seux \u2013 Nathalie Candel \u2013 19 avril 2026<\/strong><\/p>\n\n\n\n<p>On s\u2019interroge tous, \u00e0 un moment ou \u00e0 un autre, sur ce qui fait r\u00e9ellement la r\u00e9ussite des \u00e9l\u00e8ves \u00e0 l\u2019\u00e9preuve de MSGN. La journ\u00e9e du 26 mars a justement permis de prendre ce temps de recul, d\u2019\u00e9changer entre coll\u00e8gues et d\u2019identifier des leviers simples \u00e0 mobiliser en classe. Et pour celles et ceux qui n\u2019ont pas pu y participer, l\u2019ensemble des ressources est disponible sur le Digipad.<\/p>\n\n\n\n<figure class=\"wp-block-image size-large\"><img loading=\"lazy\" decoding=\"async\" width=\"768\" height=\"1024\" src=\"https:\/\/ecogestion-legt.enseigne.ac-lyon.fr\/legt\/wp-content\/uploads\/2026\/04\/image-768x1024.jpeg\" alt=\"\" class=\"wp-image-24838\" srcset=\"https:\/\/ecogestion-legt.enseigne.ac-lyon.fr\/legt\/wp-content\/uploads\/2026\/04\/image-768x1024.jpeg 768w, https:\/\/ecogestion-legt.enseigne.ac-lyon.fr\/legt\/wp-content\/uploads\/2026\/04\/image-225x300.jpeg 225w, https:\/\/ecogestion-legt.enseigne.ac-lyon.fr\/legt\/wp-content\/uploads\/2026\/04\/image-1152x1536.jpeg 1152w, https:\/\/ecogestion-legt.enseigne.ac-lyon.fr\/legt\/wp-content\/uploads\/2026\/04\/image-83x110.jpeg 83w, https:\/\/ecogestion-legt.enseigne.ac-lyon.fr\/legt\/wp-content\/uploads\/2026\/04\/image-53x70.jpeg 53w, https:\/\/ecogestion-legt.enseigne.ac-lyon.fr\/legt\/wp-content\/uploads\/2026\/04\/image-263x350.jpeg 263w, https:\/\/ecogestion-legt.enseigne.ac-lyon.fr\/legt\/wp-content\/uploads\/2026\/04\/image-332x442.jpeg 332w, https:\/\/ecogestion-legt.enseigne.ac-lyon.fr\/legt\/wp-content\/uploads\/2026\/04\/image.jpeg 1536w\" sizes=\"auto, (max-width: 768px) 100vw, 768px\" \/><\/figure>\n\n\n\n<p>Le 26 mars 2026, des enseignants d\u2019\u00e9conomie-gestion de l\u2019acad\u00e9mie de Lyon se sont r\u00e9unis pour une journ\u00e9e de formation consacr\u00e9e \u00e0 l\u2019\u00e9preuve de MSGN. L\u2019objectif \u00e9tait de mieux comprendre les attendus de l\u2019\u00e9preuve et d\u2019identifier des pratiques p\u00e9dagogiques favorisant la r\u00e9ussite des \u00e9l\u00e8ves.<\/p>\n\n\n\n<p>Les \u00e9changes ont rapidement montr\u00e9 que les difficult\u00e9s des \u00e9l\u00e8ves ne tiennent pas uniquement aux connaissances, mais aussi \u00e0 la compr\u00e9hension des attentes, \u00e0 la m\u00e9thodologie et \u00e0 la confiance face \u00e0 l\u2019\u00e9preuve.<\/p>\n\n\n\n<p><strong>I. <\/strong><strong>Revenir sur les fondamentaux de l\u2019\u00e9preuve<\/strong><\/p>\n\n\n\n<ol class=\"wp-block-list\"><\/ol>\n\n\n\n<p>La matin\u00e9e a d\u00e9but\u00e9 par un quiz permettant de clarifier les attendus. Cela a permis de rappeler que l\u2019\u00e9preuve mobilise l\u2019ensemble du cycle terminal et repose sur des capacit\u00e9s vari\u00e9es : analyser, argumenter, mobiliser des notions et interpr\u00e9ter des r\u00e9sultats.<\/p>\n\n\n\n<p>Les discussions ont mis en avant un point important : la n\u00e9cessit\u00e9 de valoriser les d\u00e9marches. Une r\u00e9ponse structur\u00e9e, m\u00eame partielle, constitue un levier de progression pour les \u00e9l\u00e8ves.<\/p>\n\n\n\n<p><strong>II. <\/strong><strong>Construire des sujets pour mieux comprendre les attentes<\/strong><\/p>\n\n\n\n<p>Le travail en groupes a permis de construire des sujets \u00e0 partir de cas concrets. Cette mise en situation a r\u00e9v\u00e9l\u00e9 plusieurs constats.<\/p>\n\n\n\n<p>Les enseignants mobilisent souvent les notions les plus famili\u00e8res, ce qui peut conduire \u00e0 une couverture partielle du programme. Certaines notions de premi\u00e8re sont moins r\u00e9activ\u00e9es, alors qu\u2019elles sont pleinement attendues \u00e0 l\u2019examen.<\/p>\n\n\n\n<p>Par ailleurs, certaines notions comme la cha\u00eene de valeur, la cr\u00e9ation de valeur ou encore les facteurs explicatifs du comportement des consommateurs restent difficiles \u00e0 exploiter par les \u00e9l\u00e8ves.<\/p>\n\n\n\n<p>Ce travail a permis de prendre conscience de la n\u00e9cessit\u00e9 de proposer des questionnements vari\u00e9s et progressifs, afin de mobiliser l\u2019ensemble des capacit\u00e9s attendues.<\/p>\n\n\n\n<p><strong>III. Des leviers pour faire progresser les \u00e9l\u00e8ves<\/strong><\/p>\n\n\n\n<p>Les difficult\u00e9s rencontr\u00e9es par les \u00e9l\u00e8ves portent notamment sur la distinction entre certaines notions proches (facteurs cl\u00e9s de succ\u00e8s et forces, performance et indicateurs), mais aussi sur la capacit\u00e9 \u00e0 analyser et non seulement d\u00e9crire.<\/p>\n\n\n\n<p>Les \u00e9l\u00e8ves rencontrent \u00e9galement des difficult\u00e9s m\u00e9thodologiques : structurer une r\u00e9ponse, argumenter en mobilisant plusieurs variables, interpr\u00e9ter des r\u00e9sultats chiffr\u00e9s ou encore comprendre des consignes complexes.<\/p>\n\n\n\n<p>Le travail sur les verbes directeurs appara\u00eet alors essentiel. Il permet de rendre explicites les attendus et d\u2019aider les \u00e9l\u00e8ves \u00e0 construire des r\u00e9ponses plus pertinentes.<\/p>\n\n\n\n<p>Enfin, la ma\u00eetrise des m\u00e9thodes (analyse de la performance, pr\u00e9sentation des calculs, raisonnement argument\u00e9) constitue un levier d\u00e9terminant pour la r\u00e9ussite.<\/p>\n\n\n\n<p><strong>IV. Des ressources directement mobilisables<\/strong><\/p>\n\n\n\n<p>La journ\u00e9e a permis de produire des ressources concr\u00e8tes : sujets, corrig\u00e9s, fiches m\u00e9thodologiques et supports p\u00e9dagogiques.<\/p>\n\n\n\n<p>Ces documents, mutualis\u00e9s sur le Digipad, offrent des exemples directement exploitables pour construire des s\u00e9ances, entra\u00eener les \u00e9l\u00e8ves et diversifier les approches p\u00e9dagogiques.<\/p>\n\n\n\n<p><strong>3 id\u00e9es \u00e0 tester d\u00e8s demain<\/strong><\/p>\n\n\n\n<ol class=\"wp-block-list\">\n<li>Valoriser les d\u00e9marches plut\u00f4t que sanctionner les manques<\/li>\n\n\n\n<li>Rendre explicites les attentes derri\u00e8re les verbes<\/li>\n\n\n\n<li>Introduire progressivement des questions de type bac d\u00e8s la premi\u00e8re.<\/li>\n<\/ol>\n\n\n\n<p>Cette journ\u00e9e a permis de montrer que des ajustements cibl\u00e9s dans les pratiques peuvent am\u00e9liorer significativement la r\u00e9ussite des \u00e9l\u00e8ves. Le Digipad constitue un support pr\u00e9cieux pour prolonger ces r\u00e9flexions et acc\u00e9der \u00e0 des ressources concr\u00e8tes.<\/p>\n\n\n\n<p>Lien vers le DIGIPAD&nbsp;:<\/p>\n\n\n\n<p><a href=\"https:\/\/digipad.app\/p\/1642651\/f3a26487d5df2\">https:\/\/digipad.app\/p\/1642651\/f3a26487d5df2<\/a><\/p>\n","protected":false},"excerpt":{"rendered":"<p>Delage Laury- St\u00e9phanie Crepet \u2013 Murielle Seux \u2013 Nathalie Candel \u2013 19 avril 2026 On s\u2019interroge tous, \u00e0 un moment ou \u00e0 un autre, sur ce qui fait r\u00e9ellement la r\u00e9ussite des \u00e9l\u00e8ves \u00e0 l\u2019\u00e9preuve de MSGN. La journ\u00e9e du 26 mars a justement permis de prendre ce temps de recul, d\u2019\u00e9changer entre coll\u00e8gues et [&hellip;]<\/p>\n","protected":false},"author":102,"featured_media":24838,"comment_status":"closed","ping_status":"open","sticky":false,"template":"","format":"standard","meta":{"footnotes":""},"categories":[905,37,88,133,221,81],"tags":[370,527],"class_list":["post-24837","post","type-post","status-publish","format-standard","has-post-thumbnail","hentry","category-alaune","category-stmg","category-management","category-mallette-pedagogique-stmg","category-comptes-rendus-des-actions-de-formation-stmg","category-wiki-adminsitrateurs","tag-stmg","tag-msgn"],"_links":{"self":[{"href":"https:\/\/ecogestion-legt.enseigne.ac-lyon.fr\/legt\/wp-json\/wp\/v2\/posts\/24837","targetHints":{"allow":["GET"]}}],"collection":[{"href":"https:\/\/ecogestion-legt.enseigne.ac-lyon.fr\/legt\/wp-json\/wp\/v2\/posts"}],"about":[{"href":"https:\/\/ecogestion-legt.enseigne.ac-lyon.fr\/legt\/wp-json\/wp\/v2\/types\/post"}],"author":[{"embeddable":true,"href":"https:\/\/ecogestion-legt.enseigne.ac-lyon.fr\/legt\/wp-json\/wp\/v2\/users\/102"}],"replies":[{"embeddable":true,"href":"https:\/\/ecogestion-legt.enseigne.ac-lyon.fr\/legt\/wp-json\/wp\/v2\/comments?post=24837"}],"version-history":[{"count":1,"href":"https:\/\/ecogestion-legt.enseigne.ac-lyon.fr\/legt\/wp-json\/wp\/v2\/posts\/24837\/revisions"}],"predecessor-version":[{"id":24839,"href":"https:\/\/ecogestion-legt.enseigne.ac-lyon.fr\/legt\/wp-json\/wp\/v2\/posts\/24837\/revisions\/24839"}],"wp:featuredmedia":[{"embeddable":true,"href":"https:\/\/ecogestion-legt.enseigne.ac-lyon.fr\/legt\/wp-json\/wp\/v2\/media\/24838"}],"wp:attachment":[{"href":"https:\/\/ecogestion-legt.enseigne.ac-lyon.fr\/legt\/wp-json\/wp\/v2\/media?parent=24837"}],"wp:term":[{"taxonomy":"category","embeddable":true,"href":"https:\/\/ecogestion-legt.enseigne.ac-lyon.fr\/legt\/wp-json\/wp\/v2\/categories?post=24837"},{"taxonomy":"post_tag","embeddable":true,"href":"https:\/\/ecogestion-legt.enseigne.ac-lyon.fr\/legt\/wp-json\/wp\/v2\/tags?post=24837"}],"curies":[{"name":"wp","href":"https:\/\/api.w.org\/{rel}","templated":true}]}}