
{"id":24835,"date":"2026-04-27T11:30:05","date_gmt":"2026-04-27T09:30:05","guid":{"rendered":"https:\/\/ecogestion-legt.enseigne.ac-lyon.fr\/legt\/?p=24835"},"modified":"2026-04-27T11:55:28","modified_gmt":"2026-04-27T09:55:28","slug":"message-hebdo-2613-lundi-27-avril-2026","status":"publish","type":"post","link":"https:\/\/ecogestion-legt.enseigne.ac-lyon.fr\/legt\/message-hebdo-2613-lundi-27-avril-2026\/","title":{"rendered":"\u00c9coGest Lyon : Message hebdo 26#13 \u2013 Lundi 27 avril 2026"},"content":{"rendered":"\n<style type=\"text\/css\">\n\t#outlook a{padding:0;}\n\n.ReadMsgBody { width: 100%; background-color: #FFFFFF; }\n.ExternalClass { width: 100%; background-color: #FFFFFF; }\n.ExternalClass, .ExternalClass p, .ExternalClass span, .ExternalClass font, .ExternalClass td, .ExternalClass div { line-height: 100%; }\nhtml { width: 100%; }\nbody { -webkit-text-size-adjust: none; -ms-text-size-adjust: none; margin: 0; padding: 0; }\ntable { border-spacing: 0; table-layout: fixed; margin: 0 auto; }\ntable table table { table-layout: auto; }\n.yshortcuts a { border-bottom: none !important; }\nimg:hover { opacity: 0.9 !important; }\na { color: #2195de; text-decoration: none; }\na.a_footer { color: #ffffff; text-decoration: none;  }\n\n.textbutton a { font-family: 'open sans', arial, sans-serif !important;}\n.btn-link a { color:#FFFFFF !important;}\n.textlink a { color: #414a51 !important; }\n.preferencelink a { color: #ffffff !important; text-decoration: underline !important; }\ntd.TitreSection { font-size: 1.3em; }\n\/*Responsive*\/\n@media only screen and (max-width: 480px) {\nbody { width: auto !important; }\n*[class=\"table-inner\"] { width: 90% !important; text-align: center !important; }\n*[class=\"table-full\"] { width: 100% !important; text-align: center !important; }\n\/* image *\/\nimg[class=\"img1\"] { width: 100% !important; height: auto !important; }\n\/* ETC *\/\ntd[class=\"hide\"] { max-height: 0px !important; height: 0px !important; }\n*[class=\"contact-button\"] { border-top: 0px }\ntd[class=\"TitreSection\"] { font-size: 1em }\n}\ntable.body p{font-family: 'Open sans', Arial, sans-serif !important; color:#7f8c8d; font-size:15px; line-height: 28px;}\ntable.body p a { color: #2195de; text-decoration: none;  }\n\nh1.FOCUS {font-family: 'Open Sans', Arial, sans-serif !important; color:#2195de; font-size:22px;font-weight: normal;margin-top: 0px;margin-bottom: 10px;}\nh1.EXAMENS {font-family: 'Open Sans', Arial, sans-serif !important; color:#2195de; font-size:22px;font-weight: normal;margin-top: 0px;margin-bottom: 10px;}\nh1.FORMATIONS {font-family: 'Open Sans', Arial, sans-serif !important; color:#2195de; font-size:22px;font-weight: normal;margin-top: 0px;margin-bottom: 10px;}\nh1.ACTUALITES {font-family: 'Open Sans', Arial, sans-serif !important; color:#2195de; font-size:22px;font-weight: normal;margin-top: 0px;margin-bottom: 10px;}\n\nh1.BREVE {font-family: 'Open Sans', Arial, sans-serif !important; color:#ffffff; font-size:22px;font-weight: normal;margin-top: 0px;margin-bottom: 10px;}\n\n<\/style>\n\n\n<div class=\"wp-block-image\">\n<figure class=\"aligncenter size-large\" id=\"HAUT\"><img decoding=\"async\" src=\"https:\/\/ecogestion-legt.enseigne.ac-lyon.fr\/legt\/wp-content\/uploads\/2022\/11\/MH_Bandeau.jpg\" alt=\"\"\/><\/figure><\/div>\n\n\n<div class=\"wp-block-group is-content-justification-center is-nowrap is-layout-flex wp-container-core-group-is-layout-1 wp-block-group-is-layout-flex\">\n<figure class=\"wp-block-image size-large\"><img decoding=\"async\" src=\"https:\/\/ecogestion-legt.enseigne.ac-lyon.fr\/legt\/wp-content\/uploads\/2022\/09\/menuMH_Focus_2022.jpg\" alt=\"\"\/><\/figure>\n\n\n\n<figure class=\"wp-block-image size-large\"><a href=\"#FORMATION\"><img decoding=\"async\" src=\"https:\/\/ecogestion-legt.enseigne.ac-lyon.fr\/legt\/wp-content\/uploads\/2022\/09\/menuMH_Formations_2022.jpg\" alt=\"\"\/><\/a><\/figure>\n\n\n\n<figure class=\"wp-block-image size-large\"><a href=\"#EXAMEN\"><img decoding=\"async\" src=\"https:\/\/ecogestion-legt.enseigne.ac-lyon.fr\/legt\/wp-content\/uploads\/2022\/09\/menuMH_Examens_2022.jpg\" alt=\"\"\/><\/a><\/figure>\n\n\n\n<figure class=\"wp-block-image size-large\"><a href=\"#ACTU\"><img decoding=\"async\" src=\"https:\/\/ecogestion-legt.enseigne.ac-lyon.fr\/legt\/wp-content\/uploads\/2022\/09\/menuMH_Actualites_2022.jpg\" alt=\"\"\/><\/a><\/figure>\n<\/div>\n\n\n\n<p><\/p>\n\n\n\n<h1 class=\"wp-block-heading has-text-align-center TitreSection has-white-color has-vivid-cyan-blue-background-color has-text-color has-background has-link-color wp-elements-336b5a0beb2aaa2a1888df34ae5b3e95\">FOCUS &#8211; BREVES<\/h1>\n\n\n\n<h2 class=\"wp-block-heading\"><strong>&gt;<\/strong><strong> [Inspeg] Lettre \u00c9duNum \u00c9conomie-Gestion n\u00b064<\/strong><\/h2>\n\n\n\n<p>L&rsquo;inspection G\u00e9n\u00e9rale d\u2019Economie-Gestion nous&nbsp; informe que la lettre \u00c9duNum \u00c9conomie-Gestion n\u00b064 a \u00e9t\u00e9 publi\u00e9e sur le site d&rsquo;\u00c9duscol.<\/p>\n\n\n\n<p>Elle est consultable en ligne \u00e0 l\u2019adresse suivante : <a href=\"https:\/\/eduscol.education.gouv.fr\/6699\/les-lettres-d-actualite-edunum-sur-le-numerique-educatif?=64#EconomieGestion\">https:\/\/eduscol.education.gouv.fr\/6699\/les-lettres-d-actualite-edunum-sur-le-numerique-educatif?=64#EconomieGestion<\/a><\/p>\n\n\n\n<h1 class=\"wp-block-heading has-text-align-center has-white-color has-vivid-cyan-blue-background-color has-text-color has-background has-link-color has-large-font-size wp-elements-88c116d9f08352aa41d49fd2f99d5d60\" id=\"ACTU\">ECHANGE ENTRE PAIRS<\/h1>\n\n\n\n<blockquote class=\"wp-block-quote is-layout-flow wp-block-quote-is-layout-flow\">\n<blockquote class=\"wp-block-quote is-layout-flow wp-block-quote-is-layout-flow\">\n<blockquote class=\"wp-block-quote is-layout-flow wp-block-quote-is-layout-flow\">\n<h2 class=\"wp-block-heading\"><strong>&gt; <\/strong><strong>MSGN : une journ\u00e9e pour prendre du recul\u2026 et repartir avec des id\u00e9es concr\u00e8tes<\/strong><\/h2>\n\n\n\n<p><strong>Delage Laury- St\u00e9phanie Crepet \u2013 Murielle Seux \u2013 Nathalie Candel \u2013 19 avril 2026<\/strong><\/p>\n\n\n\n<p>On s\u2019interroge tous, \u00e0 un moment ou \u00e0 un autre, sur ce qui fait r\u00e9ellement la r\u00e9ussite des \u00e9l\u00e8ves \u00e0 l\u2019\u00e9preuve de MSGN. La journ\u00e9e du 26 mars a justement permis de prendre ce temps de recul, d\u2019\u00e9changer entre coll\u00e8gues et d\u2019identifier des leviers simples \u00e0 mobiliser en classe. Et pour celles et ceux qui n\u2019ont pas pu y participer, l\u2019ensemble des ressources est disponible sur le Digipad (lien dans l\u2019article).<\/p>\n\n\n\n<p><a href=\"https:\/\/ecogestion-legt.enseigne.ac-lyon.fr\/legt\/msgn-une-journee-pour-prendre-du-recul-et-repartir-avec-des-idees-concretes\/\">Lire la suite\u2026<\/a><\/p>\n\n\n\n<h2 class=\"wp-block-heading\"><strong>&gt; Z\u00e9ro Clich\u00e9 au Lyc\u00e9e Carriat : quand les \u00e9l\u00e8ves de SGN prennent le micro pour d\u00e9construire les st\u00e9r\u00e9otypes<\/strong><\/h2>\n\n\n\n<p><strong>Virginie DAVID \u2013 2026<\/strong><\/p>\n\n\n\n<p>Au lyc\u00e9e Carriat \u00e0 Bourg-en-Bresse, la pratique du podcast est d\u00e9j\u00e0 install\u00e9e en Sciences de Gestion et du Num\u00e9rique : les \u00e9l\u00e8ves y enregistrent des synth\u00e8ses audios pour s\u2019approprier les notions du programme, travailler l\u2019oral et d\u00e9velopper leur autonomie. C\u2019est dans ce contexte que l\u2019inscription au concours Z\u00e9ro Clich\u00e9 du CLEMI a pris tout son sens : 22 \u00e9l\u00e8ves&nbsp; (17 de Premi\u00e8re STMG et 5 de Terminale STMG) ont produit des podcasts journalistiques pour d\u00e9construire les clich\u00e9s de genre, en lien direct avec les objectifs du programme.<\/p>\n\n\n\n<p><a href=\"https:\/\/ecogestion-legt.enseigne.ac-lyon.fr\/legt\/zero-cliche-au-lycee-carriat-quand-les-eleves-de-sgn-prennent-le-micro-pour-deconstruire-les-stereotypes\/\">Lire la suite\u2026<\/a><\/p>\n\n\n\n<h2 class=\"wp-block-heading\"><strong>&gt; <\/strong><strong>Troph\u00e9e de bronze pour le \u00ab JT de 16h30, un reportage sur le BTS SAM \u00bb<\/strong>, par les \u00e9tudiants du BTS SAM de Tezenas du Montcel<\/h2>\n\n\n\n<p><strong>Audrey Combaluzier, Guillaume Julien, Tiphaine Lachal \u2013 CC BY NC SA \u2013 31 mars 2026<\/strong><\/p>\n\n\n\n<p>Dans le cadre des ateliers de professionnalisation men\u00e9s au sein de leur association SAM\u2019Arche, les \u00e9tudiants du BTS SAM de TEZENAS DU MONTCEL se sont lanc\u00e9 le d\u00e9fi de proposer un court m\u00e9trage dans le cadre du concours national \u00ab Je filme ma formation \u00bb afin de promouvoir ce BTS qui m\u00e9rite tant d\u2019\u00eatre mis en lumi\u00e8re.<\/p>\n\n\n\n<p><a href=\"https:\/\/ecogestion-legt.enseigne.ac-lyon.fr\/legt\/trophee-de-bronze-pour-le-jt-de-16h30-un-reportage-sur-le-bts-sam\/\">Lire la suite\u2026<\/a><\/p>\n\n\n\n<h1 class=\"wp-block-heading has-text-align-center has-white-color has-vivid-cyan-blue-background-color has-text-color has-background has-link-color has-large-font-size wp-elements-445b70fa351fc4cb94e169e83ccb753b\" id=\"ACTU\">FORMATION &#8211; RH &#8211; CONCOURS<\/h1>\n\n\n\n<h2 class=\"wp-block-heading\"><strong>&gt;<\/strong><strong> Professeur de CEJM en BTS SIO : le CNED recherche des auteurs<\/strong><\/h2>\n\n\n\n<p>Le CNED recherche des professeurs pouvant concevoir quatre livrables (un quiz auto-correctif et trois devoirs \u00e0 correction personnalis\u00e9e).<\/p>\n\n\n\n<p>Si vous \u00eates int\u00e9ress\u00e9, merci de contacter Nathalie Freydi\u00e8re par mail qui transmettra votre mail \u00e0 l\u2019interlocutrice du CNED.<\/p>\n\n\n\n<p>Adresse mail : nathalie.freydiere@ac-lyon.fr<\/p>\n\n\n\n<h1 class=\"wp-block-heading has-text-align-center has-white-color has-vivid-cyan-blue-background-color has-text-color has-background has-link-color has-large-font-size wp-elements-c159553f65c26c4418c7daa73a9366a0\" id=\"ACTU\">ACTUALIT\u00c9 &#8211; AGENDA<\/h1>\n\n\n\n<h2 class=\"wp-block-heading\"><strong>&gt;<\/strong><strong>&nbsp; SAVE THE DATE : JIPE 2026 : le 29 Avril<\/strong><\/h2>\n\n\n\n<p>Il est encore temps de s\u2019inscrire \u00e0 la Journ\u00e9e de l\u2019Innovation P\u00e9dagogique et \u00c9ducative (JIPE) 2026, se tiendra le mercredi 29 avril 2026 \u00e0 l\u2019espace Monod de l\u2019\u00c9cole normale sup\u00e9rieure de Lyon (place de l\u2019\u00c9cole, Lyon 7e), organis\u00e9e par L\u2019EAFC et la CARDIE.&nbsp; Cette journ\u00e9e constitue un espace privil\u00e9gi\u00e9 de rencontres, d\u2019\u00e9changes et de r\u00e9flexion au service de la r\u00e9ussite des \u00e9l\u00e8ves.<\/p>\n\n\n\n<p>La th\u00e9matique pour l\u2019\u00e9dition 2026, s\u2019inscrit dans le projet acad\u00e9mique. Elle portera sur \u00ab L\u2019engagement et le d\u00e9veloppement professionnel au service des \u00e9l\u00e8ves \u00bb. Les inscriptions sont accessibles&nbsp; <a href=\"https:\/\/portail.ac-lyon.fr\/sofia-fmo-acad\/default\/session\/preregistrationadd\/globalSessionId\/28156\/tab\/trainee\/pill\/individualTrainingPlan\/infos\/88831%7C01%7CS1%7C2026-04-29_09:00:00%7C2026-04-29_16:15:00\">ICI<\/a>. Des informations compl\u00e9mentaires seront mises en ligne progressivement<a href=\"https:\/\/www.ac-lyon.fr\/journee-de-l-innovation-pedagogique-et-educative-2026-130121\"> sur le site de la JIPE<\/a><\/p>\n\n\n\n<table style=\"\" cellspacing=\"0\" cellpadding=\"0\" border=\"0\" align=\"center\">\n\n<TR bgcolor=\"#2195de\">\n\t<td style=\"font-family: 'Open sans', Arial, sans-serif; color:#FFFFFF; font-size:13px; line-height: 20px;font-weight: bold;\" align=\"center\" width=\"70%\">  \n\t\t <multi label=\"IPR\">\n\t\t\t\tNathalie FREYDIERE<br>\n                                Dany-Laure GODEFROY<br>\n                                V\u00e9ronique MONMARON<br>\n                                L\u00e9onard SEVESTRE<br>\n\t\t\t\t\t\t\t\tIA-IPR \u00c9CONOMIE ET GESTION<br><br>\n\t\t\t\t\t\t\t\t<\/multi>\t\n\t<\/td>\n\t<td style=\"font-family: 'Open sans', Arial, sans-serif; color:#FFFFFF; font-size:13px; line-height: 20px;font-weight: bold;\" align=\"center\" width=\"30%\">\n\t\t<a href=\"https:\/\/www.ac-lyon.fr\"><img decoding=\"async\" editable=\"\" label=\"social-2\" src=\"https:\/\/ecogestion-legt.enseigne.ac-lyon.fr\/legt\/wp-content\/uploads\/2019\/06\/logo-academie-blanc-79.png\" alt=\"AcLyon\" style=\"display:block; line-height:0px; font-size:0px; border:0px;\" class=\"\"><\/a>\n\t<\/TD>\n\t\n<\/TR>\n<TR bgcolor=\"#2195de\">\n\t<TD style=\"font-family: 'Open sans', Arial, sans-serif; color:#FFFFFF; font-size:11px; line-height: 16px;\" align=\"left\" width=\"70%\">  \n\t\t <multi label=\"footer\">\n\t\t\t\t\t\t\t\tSite \u00c9cogestion : <a class=\"a_footer\" href=\"https:\/\/ecogestion-legt.enseigne.ac-lyon.fr\/legt\/\" data-mce-href=\"https:\/\/ecogestion-legt.enseigne.ac-lyon.fr\/legt\">https:\/\/ecogestion-legt.enseigne.ac-lyon.fr\/legt<\/a><br>\n                                Ce message est g\u00e9n\u00e9r\u00e9 automatiquement, merci de ne pas y r\u00e9pondre et d\u2019adresser vos questions \u00e0 <a class=\"a_footer\" href=\"https:\/\/ecogestion-legt.enseigne.ac-lyon.fr\/legt\/contact\/\" data-mce-href=\"https:\/\/ecogestion-legt.enseigne.ac-lyon.fr\/legt\/contact\/\">contactecogest@ac-lyon.fr<\/a><BR \/>\n                                Vous recevez ce mail car vous \u00eates professeur.e d\u2019\u00c9conomie et Gestion ou vous en avez fait la demande et votre adresse de messagerie profesionnelle est uniquement utilis\u00e9e pour vous envoyer les informations de la fili\u00e8re \u00c9conomie et Gestion.<br>\nVous vous \u00eates abonn\u00e9.e, vous b\u00e9n\u00e9ficiez de droit de rectification et de supression.\n\t\t\t\t\t\t\t\t<\/multi>\t\n\t<\/td>\n\t<td style=\"font-family: 'Open sans', Arial, sans-serif; color:#FFFFFF; font-size:13px; line-height: 20px;font-weight: bold;\" align=\"center\" width=\"30%\">\n\t\t<a href=\"https:\/\/twitter.com\/ecogestlyon\"><img decoding=\"async\" editable=\"\" label=\"social-2\" src=\"https:\/\/ecogestion-legt.enseigne.ac-lyon.fr\/legt\/wp-content\/uploads\/2022\/09\/Twitter_128.jpg\" alt=\"Twitter\" style=\"display:block; line-height:0px; font-size:0px; border:0px;\" class=\"\"><\/a>\n\t<\/TD>\n\t\n<\/TR>\n<\/TABLE>\n<\/blockquote>\n<\/blockquote>\n<\/blockquote>\n","protected":false},"excerpt":{"rendered":"<p>FOCUS &#8211; BREVES &gt; [Inspeg] Lettre \u00c9duNum \u00c9conomie-Gestion n\u00b064 L&rsquo;inspection G\u00e9n\u00e9rale d\u2019Economie-Gestion nous&nbsp; informe que la lettre \u00c9duNum \u00c9conomie-Gestion n\u00b064 a \u00e9t\u00e9 publi\u00e9e sur le site d&rsquo;\u00c9duscol. Elle est consultable en ligne \u00e0 l\u2019adresse suivante : https:\/\/eduscol.education.gouv.fr\/6699\/les-lettres-d-actualite-edunum-sur-le-numerique-educatif?=64#EconomieGestion ECHANGE ENTRE PAIRS<\/p>\n","protected":false},"author":102,"featured_media":0,"comment_status":"closed","ping_status":"open","sticky":false,"template":"","format":"standard","meta":{"footnotes":""},"categories":[905,10,5,11,81],"tags":[393,562,578],"class_list":["post-24835","post","type-post","status-publish","format-standard","hentry","category-alaune","category-les-articles-lies-aux-messages-hebdos","category-le-message-hebdo","category-page-daccueil","category-wiki-adminsitrateurs","tag-accueil_zoom","tag-ecogestion","tag-message-hebdo"],"_links":{"self":[{"href":"https:\/\/ecogestion-legt.enseigne.ac-lyon.fr\/legt\/wp-json\/wp\/v2\/posts\/24835","targetHints":{"allow":["GET"]}}],"collection":[{"href":"https:\/\/ecogestion-legt.enseigne.ac-lyon.fr\/legt\/wp-json\/wp\/v2\/posts"}],"about":[{"href":"https:\/\/ecogestion-legt.enseigne.ac-lyon.fr\/legt\/wp-json\/wp\/v2\/types\/post"}],"author":[{"embeddable":true,"href":"https:\/\/ecogestion-legt.enseigne.ac-lyon.fr\/legt\/wp-json\/wp\/v2\/users\/102"}],"replies":[{"embeddable":true,"href":"https:\/\/ecogestion-legt.enseigne.ac-lyon.fr\/legt\/wp-json\/wp\/v2\/comments?post=24835"}],"version-history":[{"count":3,"href":"https:\/\/ecogestion-legt.enseigne.ac-lyon.fr\/legt\/wp-json\/wp\/v2\/posts\/24835\/revisions"}],"predecessor-version":[{"id":24850,"href":"https:\/\/ecogestion-legt.enseigne.ac-lyon.fr\/legt\/wp-json\/wp\/v2\/posts\/24835\/revisions\/24850"}],"wp:attachment":[{"href":"https:\/\/ecogestion-legt.enseigne.ac-lyon.fr\/legt\/wp-json\/wp\/v2\/media?parent=24835"}],"wp:term":[{"taxonomy":"category","embeddable":true,"href":"https:\/\/ecogestion-legt.enseigne.ac-lyon.fr\/legt\/wp-json\/wp\/v2\/categories?post=24835"},{"taxonomy":"post_tag","embeddable":true,"href":"https:\/\/ecogestion-legt.enseigne.ac-lyon.fr\/legt\/wp-json\/wp\/v2\/tags?post=24835"}],"curies":[{"name":"wp","href":"https:\/\/api.w.org\/{rel}","templated":true}]}}