
{"id":23454,"date":"2025-04-07T08:08:32","date_gmt":"2025-04-07T06:08:32","guid":{"rendered":"https:\/\/ecogestion-legt.enseigne.ac-lyon.fr\/legt\/?p=23454&#038;preview=true&#038;preview_id=23454"},"modified":"2025-04-07T08:20:42","modified_gmt":"2025-04-07T06:20:42","slug":"depart-jean-charles-diry-au-1er-septembre-2025","status":"publish","type":"post","link":"https:\/\/ecogestion-legt.enseigne.ac-lyon.fr\/legt\/depart-jean-charles-diry-au-1er-septembre-2025\/","title":{"rendered":"\u00c9coGest Lyon : D\u00e9part de Jean-Charles Diry au 1er\u00a0 septembre 2025"},"content":{"rendered":"<p>Comme beaucoup d\u2019entre vous le savent d\u00e9j\u00e0, je quitterai\u00a0 mes fonctions d\u2019IA-IPR \u00e0 la fin de cette ann\u00e9e scolaire. En effet, j\u2019ai \u00e9t\u00e9 sollicit\u00e9 pour occuper d\u2019autres fonctions (notamment pour des responsabilit\u00e9s politiques locales et d\u00e9partementales et aussi et en m\u00eame temps dans le domaine de la justice) et j\u2019ai d\u00fb r\u00e9pondre rapidement \u00e0 ces sollicitations pour ne pas passer \u00e0 c\u00f4t\u00e9 (elles sont d\u2019ailleurs au titre de la neutralit\u00e9 et de l&rsquo;\u00e9thique incompatibles avec mes missions actuelles).<\/p>\n<p>Ayant largement atteint l\u2019\u00e2ge requis, je vais donc faire valoir mes droits \u00e0 la retraite, ce qui me permettra d\u2019accomplir ces nouvelles missions \u201cen toute libert\u00e9\u201d.<\/p>\n<p>Je tenais \u00e0 vous en informer parce <strong>que je vous dois beaucoup.<\/strong> Si j\u2019ai pris du plaisir \u00e0 travailler dans cette acad\u00e9mie, c\u2019est parce que j\u2019ai pu observer partout sur notre territoire\u00a0 des professeurs, des formateurs, des DDFPT, des CMI impliqu\u00e9s, passionn\u00e9s-passionnants et surtout\u00a0 investis. A toutes et tous je souhaite donc que vous puissiez continuer de travailler en toute s\u00e9r\u00e9nit\u00e9, avec le soutien de mes coll\u00e8gues Nathalie, V\u00e9ronique et L\u00e9onard et en donnant comme vous savez si bien le faire, l\u2019envie d\u2019apprendre et de se d\u00e9passer \u201c\u00e0 tous nos jeunes\u201d.<\/p>\n<p>Je terminerai \u00e0 la fin de cette ann\u00e9e scolaire vers mi-juillet mais je tenais avant tout \u00e0 vous remercier (CMI, Formateurs, Professeurs, DDFPT), tous et toutes, pour la qualit\u00e9 de votre travail et pour votre implication sans faille aux c\u00f4t\u00e9s du corps d\u2019inspection. <strong>Ce fut un r\u00e9el plaisir.\u00a0\u00a0<\/strong><\/p>\n<p>Notre syst\u00e8me \u00e9ducatif, quoiqu&rsquo;on dise est, et reste \u201cperformant\u201d gr\u00e2ce aux forces vives, que vous repr\u00e9sentez\u00a0 tous et toutes ; constamment en \u0153uvre sans compter votre temps, pour la plus grande r\u00e9ussite des jeunes dont vous avez la charge. Vous pouvez \u00eatre fiers de ce que vous faites et <strong>je vous en remercie personnellement.\u00a0<\/strong><\/p>\n<p>L\u2019ann\u00e9e scolaire n\u2019est pas termin\u00e9e, je serai encore avec vous pour quelques mois.<\/p>\n<p>Avec mes coll\u00e8gues nous vous informerons rapidement de l\u2019IA-IPR qui me succ\u00e9dera.<\/p>\n<p><strong>Merci<\/strong><\/p>\n<p><strong>Jean-Charles Diry<\/strong><\/p>\n","protected":false},"excerpt":{"rendered":"<p>Comme beaucoup d\u2019entre vous le savent d\u00e9j\u00e0, je quitterai\u00a0 mes fonctions d\u2019IA-IPR \u00e0 la fin de cette ann\u00e9e scolaire. En effet, j\u2019ai \u00e9t\u00e9 sollicit\u00e9 pour occuper d\u2019autres fonctions (notamment pour des responsabilit\u00e9s politiques locales et d\u00e9partementales et aussi et en m\u00eame temps dans le domaine de la justice) et j\u2019ai d\u00fb r\u00e9pondre rapidement \u00e0 ces [&hellip;]<\/p>\n","protected":false},"author":17,"featured_media":0,"comment_status":"closed","ping_status":"open","sticky":false,"template":"","format":"standard","meta":{"footnotes":""},"categories":[12],"tags":[758,898,899,558],"class_list":["post-23454","post","type-post","status-publish","format-standard","hentry","category-flashs","tag-handicap","tag-inclusion","tag-rentree-scolaire","tag-ecogest"],"_links":{"self":[{"href":"https:\/\/ecogestion-legt.enseigne.ac-lyon.fr\/legt\/wp-json\/wp\/v2\/posts\/23454","targetHints":{"allow":["GET"]}}],"collection":[{"href":"https:\/\/ecogestion-legt.enseigne.ac-lyon.fr\/legt\/wp-json\/wp\/v2\/posts"}],"about":[{"href":"https:\/\/ecogestion-legt.enseigne.ac-lyon.fr\/legt\/wp-json\/wp\/v2\/types\/post"}],"author":[{"embeddable":true,"href":"https:\/\/ecogestion-legt.enseigne.ac-lyon.fr\/legt\/wp-json\/wp\/v2\/users\/17"}],"replies":[{"embeddable":true,"href":"https:\/\/ecogestion-legt.enseigne.ac-lyon.fr\/legt\/wp-json\/wp\/v2\/comments?post=23454"}],"version-history":[{"count":2,"href":"https:\/\/ecogestion-legt.enseigne.ac-lyon.fr\/legt\/wp-json\/wp\/v2\/posts\/23454\/revisions"}],"predecessor-version":[{"id":23458,"href":"https:\/\/ecogestion-legt.enseigne.ac-lyon.fr\/legt\/wp-json\/wp\/v2\/posts\/23454\/revisions\/23458"}],"wp:attachment":[{"href":"https:\/\/ecogestion-legt.enseigne.ac-lyon.fr\/legt\/wp-json\/wp\/v2\/media?parent=23454"}],"wp:term":[{"taxonomy":"category","embeddable":true,"href":"https:\/\/ecogestion-legt.enseigne.ac-lyon.fr\/legt\/wp-json\/wp\/v2\/categories?post=23454"},{"taxonomy":"post_tag","embeddable":true,"href":"https:\/\/ecogestion-legt.enseigne.ac-lyon.fr\/legt\/wp-json\/wp\/v2\/tags?post=23454"}],"curies":[{"name":"wp","href":"https:\/\/api.w.org\/{rel}","templated":true}]}}