
{"id":23336,"date":"2025-03-28T17:42:12","date_gmt":"2025-03-28T16:42:12","guid":{"rendered":"https:\/\/ecogestion-legt.enseigne.ac-lyon.fr\/legt\/?p=23336&#038;preview=true&#038;preview_id=23336"},"modified":"2025-03-28T18:01:52","modified_gmt":"2025-03-28T17:01:52","slug":"operation-cactus-lancement-national-de-la-campagne-de-sensibilisation-a-lhameconnage-dans-les-espaces-numeriques-de-travail","status":"publish","type":"post","link":"https:\/\/ecogestion-legt.enseigne.ac-lyon.fr\/legt\/operation-cactus-lancement-national-de-la-campagne-de-sensibilisation-a-lhameconnage-dans-les-espaces-numeriques-de-travail\/","title":{"rendered":"\u00c9coGest Lyon : Op\u00e9ration Cactus : lancement national de la campagne de sensibilisation \u00e0 l\u2019hame\u00e7onnage dans les espaces num\u00e9riques de travail."},"content":{"rendered":"<p>Op\u00e9ration Cactus : lancement national de la campagne de sensibilisation \u00e0 l\u2019hame\u00e7onnage dans les espaces num\u00e9riques de travail.<\/p>\n<p>En raison de la multiplication des actes malveillants visant les espaces num\u00e9riques de travail (ENT), les autorit\u00e9s fran\u00e7aises en charge des sujets de cybers\u00e9curit\u00e9 et le minist\u00e8re de l\u2019\u00c9ducation nationale, de l\u2019Enseignement sup\u00e9rieur et de la Recherche ont souhait\u00e9 mener une action de pr\u00e9vention collective forte pour responsabiliser les coll\u00e9giens et lyc\u00e9ens face \u00e0 ces enjeux.<br \/>\nOp\u00e9ration Cactus : lancement national de la campagne de sensibilisation \u00e0 l\u2019hame\u00e7onnage dans les espaces num\u00e9riques de travail | Minist\u00e8re de l\u2019\u00c9ducation Nationale, de l&rsquo;Enseignement sup\u00e9rieur et de la Recherche<\/p>\n","protected":false},"excerpt":{"rendered":"<p>Op\u00e9ration Cactus : lancement national de la campagne de sensibilisation \u00e0 l\u2019hame\u00e7onnage dans les espaces num\u00e9riques de travail. En raison de la multiplication des actes malveillants visant les espaces num\u00e9riques de travail (ENT), les autorit\u00e9s fran\u00e7aises en charge des sujets de cybers\u00e9curit\u00e9 et le minist\u00e8re de l\u2019\u00c9ducation nationale, de l\u2019Enseignement sup\u00e9rieur et de la Recherche [&hellip;]<\/p>\n","protected":false},"author":17,"featured_media":0,"comment_status":"closed","ping_status":"open","sticky":false,"template":"","format":"standard","meta":{"footnotes":""},"categories":[12],"tags":[558,758,898,899],"class_list":["post-23336","post","type-post","status-publish","format-standard","hentry","category-flashs","tag-ecogest","tag-handicap","tag-inclusion","tag-rentree-scolaire"],"_links":{"self":[{"href":"https:\/\/ecogestion-legt.enseigne.ac-lyon.fr\/legt\/wp-json\/wp\/v2\/posts\/23336","targetHints":{"allow":["GET"]}}],"collection":[{"href":"https:\/\/ecogestion-legt.enseigne.ac-lyon.fr\/legt\/wp-json\/wp\/v2\/posts"}],"about":[{"href":"https:\/\/ecogestion-legt.enseigne.ac-lyon.fr\/legt\/wp-json\/wp\/v2\/types\/post"}],"author":[{"embeddable":true,"href":"https:\/\/ecogestion-legt.enseigne.ac-lyon.fr\/legt\/wp-json\/wp\/v2\/users\/17"}],"replies":[{"embeddable":true,"href":"https:\/\/ecogestion-legt.enseigne.ac-lyon.fr\/legt\/wp-json\/wp\/v2\/comments?post=23336"}],"version-history":[{"count":1,"href":"https:\/\/ecogestion-legt.enseigne.ac-lyon.fr\/legt\/wp-json\/wp\/v2\/posts\/23336\/revisions"}],"predecessor-version":[{"id":23337,"href":"https:\/\/ecogestion-legt.enseigne.ac-lyon.fr\/legt\/wp-json\/wp\/v2\/posts\/23336\/revisions\/23337"}],"wp:attachment":[{"href":"https:\/\/ecogestion-legt.enseigne.ac-lyon.fr\/legt\/wp-json\/wp\/v2\/media?parent=23336"}],"wp:term":[{"taxonomy":"category","embeddable":true,"href":"https:\/\/ecogestion-legt.enseigne.ac-lyon.fr\/legt\/wp-json\/wp\/v2\/categories?post=23336"},{"taxonomy":"post_tag","embeddable":true,"href":"https:\/\/ecogestion-legt.enseigne.ac-lyon.fr\/legt\/wp-json\/wp\/v2\/tags?post=23336"}],"curies":[{"name":"wp","href":"https:\/\/api.w.org\/{rel}","templated":true}]}}