
{"id":23303,"date":"2025-03-23T19:19:32","date_gmt":"2025-03-23T18:19:32","guid":{"rendered":"https:\/\/ecogestion-legt.enseigne.ac-lyon.fr\/legt\/?p=23303&#038;preview=true&#038;preview_id=23303"},"modified":"2025-03-23T19:26:02","modified_gmt":"2025-03-23T18:26:02","slug":"innovation-pedagogique-quand-tu-nous-tiens","status":"publish","type":"post","link":"https:\/\/ecogestion-legt.enseigne.ac-lyon.fr\/legt\/innovation-pedagogique-quand-tu-nous-tiens\/","title":{"rendered":"\u00c9coGest Lyon : Innovation p\u00e9dagogique quand tu nous tiens !\u00a0"},"content":{"rendered":"<p><strong>Probl\u00e9matique :<\/strong> Quelle ing\u00e9nierie d\u2019accompagnement pour des pratiques p\u00e9dagogiques innovantes au sein des pays de l\u2019UE ?<\/p>\n<p><strong>Objectifs :<\/strong><br \/>\n1- D\u00e9finir et cerner la notion d\u2019innovation p\u00e9dagogique. Cr\u00e9er une culture et des r\u00e9f\u00e9rences communes. Identifier les invariants de l\u2019\u00e9mergence et du d\u00e9veloppement de l\u2019innovation p\u00e9dagogique.<br \/>\n2- Analyser et mod\u00e9liser des pratiques et des dispositifs d\u2019accompagnement de l\u2019innovation p\u00e9dagogique<br \/>\n3- Proposer \u00e0 l\u2019\u00e9chelle europ\u00e9enne un ensemble de ressources (outils, m\u00e9thodes, dispositifs\u2026) favorisant le d\u00e9veloppement professionnel des diff\u00e9rents acteurs de l\u2019innovation p\u00e9dagogique.<\/p>\n<p>Pour tout savoir, des outils des ressources des reportages, de la documentation, le padlet des ressources en lignes <a href=\"https:\/\/padlet.com\/agnesbaty\/projet-de-coop-ration-erasmus-les-ressources-pour-l-axe-1-le-m7mwgi97nrtxr5ca\" target=\"_blank\" rel=\"noopener\">Projet de coop\u00e9ration Erasmus+ les ressources pour l&rsquo;axe 1 : Le concept d&rsquo;innovation p\u00e9dagogique (https:\/\/iaclip.eu\/)<\/a>.<\/p>\n","protected":false},"excerpt":{"rendered":"<p>Probl\u00e9matique : Quelle ing\u00e9nierie d\u2019accompagnement pour des pratiques p\u00e9dagogiques innovantes au sein des pays de l\u2019UE ? Objectifs : 1- D\u00e9finir et cerner la notion d\u2019innovation p\u00e9dagogique. Cr\u00e9er une culture et des r\u00e9f\u00e9rences communes. Identifier les invariants de l\u2019\u00e9mergence et du d\u00e9veloppement de l\u2019innovation p\u00e9dagogique. 2- Analyser et mod\u00e9liser des pratiques et des dispositifs d\u2019accompagnement [&hellip;]<\/p>\n","protected":false},"author":17,"featured_media":0,"comment_status":"closed","ping_status":"open","sticky":false,"template":"","format":"standard","meta":{"footnotes":""},"categories":[12],"tags":[558,758,898,899],"class_list":["post-23303","post","type-post","status-publish","format-standard","hentry","category-flashs","tag-ecogest","tag-handicap","tag-inclusion","tag-rentree-scolaire"],"_links":{"self":[{"href":"https:\/\/ecogestion-legt.enseigne.ac-lyon.fr\/legt\/wp-json\/wp\/v2\/posts\/23303","targetHints":{"allow":["GET"]}}],"collection":[{"href":"https:\/\/ecogestion-legt.enseigne.ac-lyon.fr\/legt\/wp-json\/wp\/v2\/posts"}],"about":[{"href":"https:\/\/ecogestion-legt.enseigne.ac-lyon.fr\/legt\/wp-json\/wp\/v2\/types\/post"}],"author":[{"embeddable":true,"href":"https:\/\/ecogestion-legt.enseigne.ac-lyon.fr\/legt\/wp-json\/wp\/v2\/users\/17"}],"replies":[{"embeddable":true,"href":"https:\/\/ecogestion-legt.enseigne.ac-lyon.fr\/legt\/wp-json\/wp\/v2\/comments?post=23303"}],"version-history":[{"count":1,"href":"https:\/\/ecogestion-legt.enseigne.ac-lyon.fr\/legt\/wp-json\/wp\/v2\/posts\/23303\/revisions"}],"predecessor-version":[{"id":23305,"href":"https:\/\/ecogestion-legt.enseigne.ac-lyon.fr\/legt\/wp-json\/wp\/v2\/posts\/23303\/revisions\/23305"}],"wp:attachment":[{"href":"https:\/\/ecogestion-legt.enseigne.ac-lyon.fr\/legt\/wp-json\/wp\/v2\/media?parent=23303"}],"wp:term":[{"taxonomy":"category","embeddable":true,"href":"https:\/\/ecogestion-legt.enseigne.ac-lyon.fr\/legt\/wp-json\/wp\/v2\/categories?post=23303"},{"taxonomy":"post_tag","embeddable":true,"href":"https:\/\/ecogestion-legt.enseigne.ac-lyon.fr\/legt\/wp-json\/wp\/v2\/tags?post=23303"}],"curies":[{"name":"wp","href":"https:\/\/api.w.org\/{rel}","templated":true}]}}