
{"id":23228,"date":"2025-03-14T18:24:02","date_gmt":"2025-03-14T17:24:02","guid":{"rendered":"https:\/\/ecogestion-legt.enseigne.ac-lyon.fr\/legt\/?p=23228&#038;preview=true&#038;preview_id=23228"},"modified":"2025-03-14T18:30:56","modified_gmt":"2025-03-14T17:30:56","slug":"trois-breves-pour-cette-semaine","status":"publish","type":"post","link":"https:\/\/ecogestion-legt.enseigne.ac-lyon.fr\/legt\/trois-breves-pour-cette-semaine\/","title":{"rendered":"\u00c9coGest Lyon : Trois br\u00e8ves pour cette semaine, la Nomination de la rectrice de la r\u00e9gion acad\u00e9mique Auvergne-Rh\u00f4ne-Alpes, rectrice de l\u2019acad\u00e9mie de Lyon ; l&rsquo;entretien en vid\u00e9o de J.-C. Diry et N. Paturel sur l\u2019IA dans les pratiques comptables ; la Semaine de l\u2019\u00e9ducation financi\u00e8re : conf\u00e9rence de la Banque de France"},"content":{"rendered":"<h2>&gt; Nomination de la rectrice de la r\u00e9gion acad\u00e9mique Auvergne-Rh\u00f4ne-Alpes, rectrice de l\u2019acad\u00e9mie de Lyon<\/h2>\n<p>Anne Bisagni-Faure, administratrice de l\u2019\u00c9tat, est nomm\u00e9e rectrice de la r\u00e9gion acad\u00e9mique Auvergne Rh\u00f4ne-Alpes, rectrice de l\u2019acad\u00e9mie de Lyon, \u00e0 partir du 26 mars 2025.<\/p>\n<p>Elle a \u00e9t\u00e9 nomm\u00e9e par d\u00e9cret du pr\u00e9sident de la R\u00e9publique pris en conseil des ministres ce mercredi 12 mars.<\/p>\n<p><a href=\"https:\/\/www.legifrance.gouv.fr\/jorf\/id\/JORFTEXT000051316654\" target=\"_blank\" rel=\"noopener\">D\u00e9cret du 12 mars 2025 portant nomination de la rectrice de la r\u00e9gion acad\u00e9mique Auvergne-Rh\u00f4ne-Alpes, rectrice de l\u2019acad\u00e9mie de Lyon \u2013 Mme BISAGNI-FAURE (Anne) \u2013 L\u00e9gifrancete de l\u2019article<\/a><\/p>\n<p>&nbsp;<\/p>\n<h2>&gt; L\u2019Intelligence Artificielle dans les pratiques comptables<\/h2>\n<p>Cet entretien entre Jean-Charles Diry, IA \u2013 IPR, Conseiller acad\u00e9mique du Recteur pour l\u2019innovation (CARDIE), Directeur Adjoint de l\u2019EAFC et Nicolas Paturel, Professeur d\u2019Economie et Gestion, Charg\u00e9 de mission d\u2019inspection \u2013 Economie et Gestion, traite de l\u2019\u00e9volution des outils num\u00e9riques dans les cabinets d\u2019expertise comptable, en particulier l\u2019usage des progiciels de gestion int\u00e9gr\u00e9e (PGI) et de l\u2019intelligence artificielle qui n\u2019est pas neutre pour les formations du chiffre.<\/p>\n<p style=\"text-align: center;\"><iframe loading=\"lazy\" title=\"PGI et Intelligence Artificielle\" src=\"https:\/\/tube-sciences-technologies.apps.education.fr\/videos\/embed\/7b5f7e2b-4975-4617-a7b4-54c3d4c5a5b0\" width=\"560\" height=\"315\" frameborder=\"0\" sandbox=\"allow-same-origin allow-scripts allow-popups allow-forms\" allowfullscreen=\"allowfullscreen\"><\/iframe><\/p>\n<p>&nbsp;<\/p>\n<h2>&gt; Semaine de l\u2019\u00e9ducation financi\u00e8re : conf\u00e9rence de la Banque de France<\/h2>\n<p>Dans le cadre de la semaine de l\u2019\u00e9ducation financi\u00e8re qui aura lieu du 17 au 25 mars 2025, la Banque de France propose une conf\u00e9rence en visio<\/p>\n<p style=\"text-align: center;\">sur le th\u00e8me \u00a0<strong>\u201cdu Jeunes, r\u00e9seaux sociaux et investissements : un trio gagnant ? \u201c<\/strong><\/p>\n<p style=\"text-align: center;\"><strong>le lundi 17\/03\/2025 de 11h \u00e0 12h\u00a0<\/strong><\/p>\n<p>Elle sera introduite par Agn\u00e8s B\u00e9nassy-Qu\u00e9r\u00e9 (seconde sous-gouverneure \u00e0 la Banque de France) et mod\u00e9r\u00e9e par Marguerite Collignan (Directrice de l\u2019\u00c9ducation Financi\u00e8re \u00e0 la Banque de France)\u00a0 avec Pauline Stragier, responsable communication p\u00e9dagogique (AMF), Axel Paris, influenceur Finances et Nathalie Granier, psychologue.<\/p>\n<p>lien d\u2019acc\u00e8s :<a href=\"https:\/\/urldefense.com\/v3\/__https:\/\/youtube.com\/live\/Mhx2TVGO6cQ?feature=share__;!!PKypRk0JOBI!RbJYditkeqHG_925GP3h6Q2lCChkBpTV21BCtP3UGbh3hVlrzDUGHZZVXms36C8iM9-ljVJL2PZIa_PzOStG6e4JlcemX2D3RbYq8Yb_HGFjqw$\" target=\"_blank\" rel=\"noopener\"> Conf\u00e9rence du 17 Mars 2025 en direct sur YouTube<\/a><\/p>\n<p>&nbsp;<\/p>\n","protected":false},"excerpt":{"rendered":"<p>&gt; Nomination de la rectrice de la r\u00e9gion acad\u00e9mique Auvergne-Rh\u00f4ne-Alpes, rectrice de l\u2019acad\u00e9mie de Lyon Anne Bisagni-Faure, administratrice de l\u2019\u00c9tat, est nomm\u00e9e rectrice de la r\u00e9gion acad\u00e9mique Auvergne Rh\u00f4ne-Alpes, rectrice de l\u2019acad\u00e9mie de Lyon, \u00e0 partir du 26 mars 2025. Elle a \u00e9t\u00e9 nomm\u00e9e par d\u00e9cret du pr\u00e9sident de la R\u00e9publique pris en conseil des [&hellip;]<\/p>\n","protected":false},"author":17,"featured_media":0,"comment_status":"closed","ping_status":"open","sticky":false,"template":"","format":"standard","meta":{"footnotes":""},"categories":[12],"tags":[758,898,899,558],"class_list":["post-23228","post","type-post","status-publish","format-standard","hentry","category-flashs","tag-handicap","tag-inclusion","tag-rentree-scolaire","tag-ecogest"],"_links":{"self":[{"href":"https:\/\/ecogestion-legt.enseigne.ac-lyon.fr\/legt\/wp-json\/wp\/v2\/posts\/23228","targetHints":{"allow":["GET"]}}],"collection":[{"href":"https:\/\/ecogestion-legt.enseigne.ac-lyon.fr\/legt\/wp-json\/wp\/v2\/posts"}],"about":[{"href":"https:\/\/ecogestion-legt.enseigne.ac-lyon.fr\/legt\/wp-json\/wp\/v2\/types\/post"}],"author":[{"embeddable":true,"href":"https:\/\/ecogestion-legt.enseigne.ac-lyon.fr\/legt\/wp-json\/wp\/v2\/users\/17"}],"replies":[{"embeddable":true,"href":"https:\/\/ecogestion-legt.enseigne.ac-lyon.fr\/legt\/wp-json\/wp\/v2\/comments?post=23228"}],"version-history":[{"count":4,"href":"https:\/\/ecogestion-legt.enseigne.ac-lyon.fr\/legt\/wp-json\/wp\/v2\/posts\/23228\/revisions"}],"predecessor-version":[{"id":23232,"href":"https:\/\/ecogestion-legt.enseigne.ac-lyon.fr\/legt\/wp-json\/wp\/v2\/posts\/23228\/revisions\/23232"}],"wp:attachment":[{"href":"https:\/\/ecogestion-legt.enseigne.ac-lyon.fr\/legt\/wp-json\/wp\/v2\/media?parent=23228"}],"wp:term":[{"taxonomy":"category","embeddable":true,"href":"https:\/\/ecogestion-legt.enseigne.ac-lyon.fr\/legt\/wp-json\/wp\/v2\/categories?post=23228"},{"taxonomy":"post_tag","embeddable":true,"href":"https:\/\/ecogestion-legt.enseigne.ac-lyon.fr\/legt\/wp-json\/wp\/v2\/tags?post=23228"}],"curies":[{"name":"wp","href":"https:\/\/api.w.org\/{rel}","templated":true}]}}