
{"id":23144,"date":"2025-03-08T21:28:40","date_gmt":"2025-03-08T20:28:40","guid":{"rendered":"https:\/\/ecogestion-legt.enseigne.ac-lyon.fr\/legt\/?p=23144&#038;preview=true&#038;preview_id=23144"},"modified":"2025-03-08T21:42:54","modified_gmt":"2025-03-08T20:42:54","slug":"deux-breves-pour-cette-semaine-le-partenariat-avec-lorec-et-le-stage-pour-les-eleves-de-seconde","status":"publish","type":"post","link":"https:\/\/ecogestion-legt.enseigne.ac-lyon.fr\/legt\/deux-breves-pour-cette-semaine-le-partenariat-avec-lorec-et-le-stage-pour-les-eleves-de-seconde\/","title":{"rendered":"\u00c9coGest Lyon : Deux br\u00e8ves pour cette semaine, le partenariat avec l&rsquo;OREC et le stage pour les \u00e9l\u00e8ves de seconde"},"content":{"rendered":"<h2>&gt; Partenariat avec l\u2019OREC : la probl\u00e9matique des stages, un bilan d&rsquo;\u00e9tape en vid\u00e9o\u00a0 avec J.-C. Diry et N. Paturel<\/h2>\n<p style=\"text-align: center;\"><iframe loading=\"lazy\" title=\"La probl\u00e9matique des stages en BTS Comptabilit\u00e9 et Gestion\" src=\"https:\/\/tube-sciences-technologies.apps.education.fr\/videos\/embed\/bc83d5ac-c4d6-4c59-a0d7-dc584cf85ec7\" width=\"560\" height=\"315\" frameborder=\"0\" sandbox=\"allow-same-origin allow-scripts allow-popups allow-forms\" allowfullscreen=\"allowfullscreen\"><\/iframe><\/p>\n<p>&nbsp;<\/p>\n<h2>&gt; Un stage en juin pour les \u00e9l\u00e8ves de seconde g\u00e9n\u00e9rale et technologique<\/h2>\n<p>Les \u00e9l\u00e8ves de seconde g\u00e9n\u00e9rale et technologique doivent effectuer un stage d\u2019observation en entreprise, en administration ou en association de deux semaines, du 16 au 27 juin 2025. Des offres de stages sont disponibles sur la plateforme 1eleve1stage.education.gouv.fr.<\/p>\n<p>Pour tout savoir<\/p>\n<p><a href=\"https:\/\/www.education.gouv.fr\/reussir-au-lycee\/un-stage-en-juin-pour-les-eleves-de-seconde-generale-et-technologique-380196\" target=\"_blank\" rel=\"noopener\">Un stage en juin pour les \u00e9l\u00e8ves de seconde g\u00e9n\u00e9rale et technologique | Minist\u00e8re de l&rsquo;Education Nationale, de l&rsquo;Enseignement sup\u00e9rieur et de la Recherche<\/a><\/p>\n","protected":false},"excerpt":{"rendered":"<p>&gt; Partenariat avec l\u2019OREC : la probl\u00e9matique des stages, un bilan d&rsquo;\u00e9tape en vid\u00e9o\u00a0 avec J.-C. Diry et N. Paturel &nbsp; &gt; Un stage en juin pour les \u00e9l\u00e8ves de seconde g\u00e9n\u00e9rale et technologique Les \u00e9l\u00e8ves de seconde g\u00e9n\u00e9rale et technologique doivent effectuer un stage d\u2019observation en entreprise, en administration ou en association de deux [&hellip;]<\/p>\n","protected":false},"author":17,"featured_media":0,"comment_status":"closed","ping_status":"open","sticky":false,"template":"","format":"standard","meta":{"footnotes":""},"categories":[12],"tags":[758,898,899,558],"class_list":["post-23144","post","type-post","status-publish","format-standard","hentry","category-flashs","tag-handicap","tag-inclusion","tag-rentree-scolaire","tag-ecogest"],"_links":{"self":[{"href":"https:\/\/ecogestion-legt.enseigne.ac-lyon.fr\/legt\/wp-json\/wp\/v2\/posts\/23144","targetHints":{"allow":["GET"]}}],"collection":[{"href":"https:\/\/ecogestion-legt.enseigne.ac-lyon.fr\/legt\/wp-json\/wp\/v2\/posts"}],"about":[{"href":"https:\/\/ecogestion-legt.enseigne.ac-lyon.fr\/legt\/wp-json\/wp\/v2\/types\/post"}],"author":[{"embeddable":true,"href":"https:\/\/ecogestion-legt.enseigne.ac-lyon.fr\/legt\/wp-json\/wp\/v2\/users\/17"}],"replies":[{"embeddable":true,"href":"https:\/\/ecogestion-legt.enseigne.ac-lyon.fr\/legt\/wp-json\/wp\/v2\/comments?post=23144"}],"version-history":[{"count":5,"href":"https:\/\/ecogestion-legt.enseigne.ac-lyon.fr\/legt\/wp-json\/wp\/v2\/posts\/23144\/revisions"}],"predecessor-version":[{"id":23149,"href":"https:\/\/ecogestion-legt.enseigne.ac-lyon.fr\/legt\/wp-json\/wp\/v2\/posts\/23144\/revisions\/23149"}],"wp:attachment":[{"href":"https:\/\/ecogestion-legt.enseigne.ac-lyon.fr\/legt\/wp-json\/wp\/v2\/media?parent=23144"}],"wp:term":[{"taxonomy":"category","embeddable":true,"href":"https:\/\/ecogestion-legt.enseigne.ac-lyon.fr\/legt\/wp-json\/wp\/v2\/categories?post=23144"},{"taxonomy":"post_tag","embeddable":true,"href":"https:\/\/ecogestion-legt.enseigne.ac-lyon.fr\/legt\/wp-json\/wp\/v2\/tags?post=23144"}],"curies":[{"name":"wp","href":"https:\/\/api.w.org\/{rel}","templated":true}]}}