
{"id":23076,"date":"2025-02-15T11:44:20","date_gmt":"2025-02-15T10:44:20","guid":{"rendered":"https:\/\/ecogestion-legt.enseigne.ac-lyon.fr\/legt\/?p=23076&#038;preview=true&#038;preview_id=23076"},"modified":"2025-02-15T11:46:28","modified_gmt":"2025-02-15T10:46:28","slug":"entreprise-association-service-public-accueillir-un-stagiaire-de-seconde-avec-la-plateforme-1-eleve-1-stage","status":"publish","type":"post","link":"https:\/\/ecogestion-legt.enseigne.ac-lyon.fr\/legt\/entreprise-association-service-public-accueillir-un-stagiaire-de-seconde-avec-la-plateforme-1-eleve-1-stage\/","title":{"rendered":"\u00c9coGest Lyon : Entreprise, association, service public : accueillir un stagiaire de seconde avec la plateforme\u00a0 1 \u00e9l\u00e8ve 1 stage."},"content":{"rendered":"<p>Accueillir un stagiaire : les stages de seconde g\u00e9n\u00e9rale et technologique se d\u00e9roulent du 16 au 27 juin 2025. La plateforme 1 \u00e9l\u00e8ve 1 stage est ouverte pour les structures accueillantes (entreprises, associations, administrations) afin de proposer des stages d&rsquo;observation aux \u00e9l\u00e8ves.<\/p>\n<p><a href=\"https:\/\/www.education.gouv.fr\/entreprise-association-service-public-accueillir-un-stagiaire-de-seconde-avec-la-plateforme-413793\">Entreprise, association, service public : accueillir un stagiaire de seconde avec la plateforme 1eleve1stage | Minist\u00e8re de l&rsquo;Education Nationale, de l&rsquo;Enseignement sup\u00e9rieur et de la Recherche<\/a><\/p>\n","protected":false},"excerpt":{"rendered":"<p>Accueillir un stagiaire : les stages de seconde g\u00e9n\u00e9rale et technologique se d\u00e9roulent du 16 au 27 juin 2025. La plateforme 1 \u00e9l\u00e8ve 1 stage est ouverte pour les structures accueillantes (entreprises, associations, administrations) afin de proposer des stages d&rsquo;observation aux \u00e9l\u00e8ves. Entreprise, association, service public : accueillir un stagiaire de seconde avec la plateforme [&hellip;]<\/p>\n","protected":false},"author":17,"featured_media":0,"comment_status":"closed","ping_status":"open","sticky":false,"template":"","format":"standard","meta":{"footnotes":""},"categories":[12],"tags":[558,758,898,899],"class_list":["post-23076","post","type-post","status-publish","format-standard","hentry","category-flashs","tag-ecogest","tag-handicap","tag-inclusion","tag-rentree-scolaire"],"_links":{"self":[{"href":"https:\/\/ecogestion-legt.enseigne.ac-lyon.fr\/legt\/wp-json\/wp\/v2\/posts\/23076","targetHints":{"allow":["GET"]}}],"collection":[{"href":"https:\/\/ecogestion-legt.enseigne.ac-lyon.fr\/legt\/wp-json\/wp\/v2\/posts"}],"about":[{"href":"https:\/\/ecogestion-legt.enseigne.ac-lyon.fr\/legt\/wp-json\/wp\/v2\/types\/post"}],"author":[{"embeddable":true,"href":"https:\/\/ecogestion-legt.enseigne.ac-lyon.fr\/legt\/wp-json\/wp\/v2\/users\/17"}],"replies":[{"embeddable":true,"href":"https:\/\/ecogestion-legt.enseigne.ac-lyon.fr\/legt\/wp-json\/wp\/v2\/comments?post=23076"}],"version-history":[{"count":1,"href":"https:\/\/ecogestion-legt.enseigne.ac-lyon.fr\/legt\/wp-json\/wp\/v2\/posts\/23076\/revisions"}],"predecessor-version":[{"id":23078,"href":"https:\/\/ecogestion-legt.enseigne.ac-lyon.fr\/legt\/wp-json\/wp\/v2\/posts\/23076\/revisions\/23078"}],"wp:attachment":[{"href":"https:\/\/ecogestion-legt.enseigne.ac-lyon.fr\/legt\/wp-json\/wp\/v2\/media?parent=23076"}],"wp:term":[{"taxonomy":"category","embeddable":true,"href":"https:\/\/ecogestion-legt.enseigne.ac-lyon.fr\/legt\/wp-json\/wp\/v2\/categories?post=23076"},{"taxonomy":"post_tag","embeddable":true,"href":"https:\/\/ecogestion-legt.enseigne.ac-lyon.fr\/legt\/wp-json\/wp\/v2\/tags?post=23076"}],"curies":[{"name":"wp","href":"https:\/\/api.w.org\/{rel}","templated":true}]}}