
{"id":23069,"date":"2025-02-13T22:25:46","date_gmt":"2025-02-13T21:25:46","guid":{"rendered":"https:\/\/ecogestion-legt.enseigne.ac-lyon.fr\/legt\/?p=23069&#038;preview=true&#038;preview_id=23069"},"modified":"2025-02-13T22:27:38","modified_gmt":"2025-02-13T21:27:38","slug":"rentree-scolaire-2025-moyens-denseignement-et-priorites-dans-lacademie-de-lyon","status":"publish","type":"post","link":"https:\/\/ecogestion-legt.enseigne.ac-lyon.fr\/legt\/rentree-scolaire-2025-moyens-denseignement-et-priorites-dans-lacademie-de-lyon\/","title":{"rendered":"\u00c9coGest Lyon : Rentr\u00e9e scolaire 2025 : Moyens d&rsquo;enseignement et priorit\u00e9s dans l&rsquo;acad\u00e9mie de Lyon"},"content":{"rendered":"<p>D\u00e9couvrez les orientations de la rentr\u00e9e 2025 autour des quatre points suivants :<\/p>\n<p>1. Priorit\u00e9s pour l\u2019ann\u00e9e scolaire 2025-2026 p.4<\/p>\n<p>2. Moyens allou\u00e9s dans le premier degr\u00e9 public pour la rentr\u00e9e 2025 p.5<\/p>\n<p>3. Moyens allou\u00e9s dans le second degr\u00e9 public pour la rentr\u00e9e 2025 p.6<\/p>\n<p>4. Les nouvelles formations en 2025-2026<\/p>\n<p>dans le dossier de presse mis \u00e0 votre disposition :[gview file=\u00a0\u00bbhttps:\/\/ecogestion-legt.enseigne.ac-lyon.fr\/legt\/wp-content\/uploads\/2025\/02\/dp-moyens-2025-28-janvier-vf-pdf-56727.pdf\u00a0\u00bb]<\/p>\n","protected":false},"excerpt":{"rendered":"<p>D\u00e9couvrez les orientations de la rentr\u00e9e 2025 autour des quatre points suivants : 1. Priorit\u00e9s pour l\u2019ann\u00e9e scolaire 2025-2026 p.4 2. Moyens allou\u00e9s dans le premier degr\u00e9 public pour la rentr\u00e9e 2025 p.5 3. Moyens allou\u00e9s dans le second degr\u00e9 public pour la rentr\u00e9e 2025 p.6 4. Les nouvelles formations en 2025-2026 dans le dossier [&hellip;]<\/p>\n","protected":false},"author":17,"featured_media":0,"comment_status":"closed","ping_status":"open","sticky":false,"template":"","format":"standard","meta":{"footnotes":""},"categories":[12],"tags":[558,758,898,899],"class_list":["post-23069","post","type-post","status-publish","format-standard","hentry","category-flashs","tag-ecogest","tag-handicap","tag-inclusion","tag-rentree-scolaire"],"_links":{"self":[{"href":"https:\/\/ecogestion-legt.enseigne.ac-lyon.fr\/legt\/wp-json\/wp\/v2\/posts\/23069","targetHints":{"allow":["GET"]}}],"collection":[{"href":"https:\/\/ecogestion-legt.enseigne.ac-lyon.fr\/legt\/wp-json\/wp\/v2\/posts"}],"about":[{"href":"https:\/\/ecogestion-legt.enseigne.ac-lyon.fr\/legt\/wp-json\/wp\/v2\/types\/post"}],"author":[{"embeddable":true,"href":"https:\/\/ecogestion-legt.enseigne.ac-lyon.fr\/legt\/wp-json\/wp\/v2\/users\/17"}],"replies":[{"embeddable":true,"href":"https:\/\/ecogestion-legt.enseigne.ac-lyon.fr\/legt\/wp-json\/wp\/v2\/comments?post=23069"}],"version-history":[{"count":1,"href":"https:\/\/ecogestion-legt.enseigne.ac-lyon.fr\/legt\/wp-json\/wp\/v2\/posts\/23069\/revisions"}],"predecessor-version":[{"id":23071,"href":"https:\/\/ecogestion-legt.enseigne.ac-lyon.fr\/legt\/wp-json\/wp\/v2\/posts\/23069\/revisions\/23071"}],"wp:attachment":[{"href":"https:\/\/ecogestion-legt.enseigne.ac-lyon.fr\/legt\/wp-json\/wp\/v2\/media?parent=23069"}],"wp:term":[{"taxonomy":"category","embeddable":true,"href":"https:\/\/ecogestion-legt.enseigne.ac-lyon.fr\/legt\/wp-json\/wp\/v2\/categories?post=23069"},{"taxonomy":"post_tag","embeddable":true,"href":"https:\/\/ecogestion-legt.enseigne.ac-lyon.fr\/legt\/wp-json\/wp\/v2\/tags?post=23069"}],"curies":[{"name":"wp","href":"https:\/\/api.w.org\/{rel}","templated":true}]}}