
{"id":23002,"date":"2025-02-03T10:36:15","date_gmt":"2025-02-03T09:36:15","guid":{"rendered":"https:\/\/ecogestion-legt.enseigne.ac-lyon.fr\/legt\/?p=23002&#038;preview=true&#038;preview_id=23002"},"modified":"2025-02-03T10:39:10","modified_gmt":"2025-02-03T09:39:10","slug":"mieux-comprendre-les-cps","status":"publish","type":"post","link":"https:\/\/ecogestion-legt.enseigne.ac-lyon.fr\/legt\/mieux-comprendre-les-cps\/","title":{"rendered":"\u00c9coGest Lyon : Mieux comprendre les CPS"},"content":{"rendered":"<p>&nbsp;<\/p>\n<p>Les comp\u00e9tences psychosociales (CPS) d\u00e9signent les aptitudes qu\u2019une personne mobilise pour faire face aux exigences de la vie quotidienne et prendre part opportun\u00e9ment \u00e0 la vie sociale. Ces comp\u00e9tences (telles que l\u2019empathie, la r\u00e9gulation de ses \u00e9motions, la capacit\u00e9 d\u2019adaptation ou \u00e0 communiquer efficacement\u2026) ont pour objectifs d\u2019am\u00e9liorer les relations \u00e0 soi, aux autres et aux apprentissages et entrent donc particuli\u00e8rement en r\u00e9sonance avec le cadre scolaire. De nombreux travaux scientifiques \u00e9tablissent qu\u2019elles sont un facteur-clef de la sant\u00e9, du bien-\u00eatre et de la r\u00e9ussite \u00e9ducative et sociale.<\/p>\n<p>Les CPS sont proches d\u2019autres comp\u00e9tences, comme les \u00ab comp\u00e9tences socio-comportementales \u00bb ou les \u00ab comp\u00e9tences \u00e0 s\u2019orienter \u00bb. Elles ont en commun de d\u00e9signer des comp\u00e9tences non disciplinaires utiles dans les relations \u00e0 soi et aux autres, transversales et transf\u00e9rables.<\/p>\n<p>Les CPS se distinguent en ce qu\u2019elles recouvrent la \u00ab capacit\u00e9 d\u2019une personne \u00e0 maintenir un \u00e9tat de bien-\u00eatre psychique et \u00e0 le d\u00e9montrer par un comportement adapt\u00e9 et positif lors d\u2019interactions avec les autres, sa culture et son environnement \u00bb (OMS, 1994 &#8211;<a href=\"https:\/\/apps.who.int\/iris\/bitstream\/handle\/10665\/63552\/WHO_MNH_PSF_93.7A_Rev.2.pdf?sequence=1&amp;isAllowed=y\" target=\"_blank\" rel=\"noopener\"> Life skills education for children and adolescents in schools, 2nd rev. . Gen\u00e8ve: Word Health Organization; 1994<\/a>). Autrement dit, les comp\u00e9tences psychosociales d\u00e9signent les aptitudes psychologiques qu\u2019un individu met en \u0153uvre pour s\u2019ins\u00e9rer et agir dans la soci\u00e9t\u00e9. Leur caract\u00e8re g\u00e9n\u00e9ral et transversal appara\u00eet peut-\u00eatre mieux dans la d\u00e9nomination anglaise de \u00ab life skills \u00bb, litt\u00e9ralement \u00ab comp\u00e9tences de vie \u00bb, qui est traduit par \u00ab comp\u00e9tences psychosociales \u00bb.<\/p>\n<p>&nbsp;<\/p>\n<p><a href=\"https:\/\/eduscol.education.fr\/3901\/developper-les-competences-psychosociales-chez-les-eleves\" target=\"_blank\" rel=\"noopener\">D\u00e9velopper les comp\u00e9tences psychosociales chez les \u00e9l\u00e8ves | \u00e9duscol | Minist\u00e8re de l&rsquo;\u00c9ducation Nationale, de l&rsquo;Enseignement sup\u00e9rieur et de la Recherche | Dgesco<\/a><\/p>\n<p>&nbsp;<\/p>\n","protected":false},"excerpt":{"rendered":"<p>&nbsp; Les comp\u00e9tences psychosociales (CPS) d\u00e9signent les aptitudes qu\u2019une personne mobilise pour faire face aux exigences de la vie quotidienne et prendre part opportun\u00e9ment \u00e0 la vie sociale. Ces comp\u00e9tences (telles que l\u2019empathie, la r\u00e9gulation de ses \u00e9motions, la capacit\u00e9 d\u2019adaptation ou \u00e0 communiquer efficacement\u2026) ont pour objectifs d\u2019am\u00e9liorer les relations \u00e0 soi, aux autres [&hellip;]<\/p>\n","protected":false},"author":17,"featured_media":0,"comment_status":"closed","ping_status":"open","sticky":false,"template":"","format":"standard","meta":{"footnotes":""},"categories":[12],"tags":[558,573,835,896],"class_list":["post-23002","post","type-post","status-publish","format-standard","hentry","category-flashs","tag-ecogest","tag-economie-et-gestion","tag-banque-de-france","tag-cps"],"_links":{"self":[{"href":"https:\/\/ecogestion-legt.enseigne.ac-lyon.fr\/legt\/wp-json\/wp\/v2\/posts\/23002","targetHints":{"allow":["GET"]}}],"collection":[{"href":"https:\/\/ecogestion-legt.enseigne.ac-lyon.fr\/legt\/wp-json\/wp\/v2\/posts"}],"about":[{"href":"https:\/\/ecogestion-legt.enseigne.ac-lyon.fr\/legt\/wp-json\/wp\/v2\/types\/post"}],"author":[{"embeddable":true,"href":"https:\/\/ecogestion-legt.enseigne.ac-lyon.fr\/legt\/wp-json\/wp\/v2\/users\/17"}],"replies":[{"embeddable":true,"href":"https:\/\/ecogestion-legt.enseigne.ac-lyon.fr\/legt\/wp-json\/wp\/v2\/comments?post=23002"}],"version-history":[{"count":1,"href":"https:\/\/ecogestion-legt.enseigne.ac-lyon.fr\/legt\/wp-json\/wp\/v2\/posts\/23002\/revisions"}],"predecessor-version":[{"id":23003,"href":"https:\/\/ecogestion-legt.enseigne.ac-lyon.fr\/legt\/wp-json\/wp\/v2\/posts\/23002\/revisions\/23003"}],"wp:attachment":[{"href":"https:\/\/ecogestion-legt.enseigne.ac-lyon.fr\/legt\/wp-json\/wp\/v2\/media?parent=23002"}],"wp:term":[{"taxonomy":"category","embeddable":true,"href":"https:\/\/ecogestion-legt.enseigne.ac-lyon.fr\/legt\/wp-json\/wp\/v2\/categories?post=23002"},{"taxonomy":"post_tag","embeddable":true,"href":"https:\/\/ecogestion-legt.enseigne.ac-lyon.fr\/legt\/wp-json\/wp\/v2\/tags?post=23002"}],"curies":[{"name":"wp","href":"https:\/\/api.w.org\/{rel}","templated":true}]}}