
{"id":22957,"date":"2025-01-29T15:03:25","date_gmt":"2025-01-29T14:03:25","guid":{"rendered":"https:\/\/ecogestion-legt.enseigne.ac-lyon.fr\/legt\/?p=22957&#038;preview=true&#038;preview_id=22957"},"modified":"2025-02-07T09:14:58","modified_gmt":"2025-02-07T08:14:58","slug":"parlyondroit-au-lycee-colbert","status":"publish","type":"post","link":"https:\/\/ecogestion-legt.enseigne.ac-lyon.fr\/legt\/parlyondroit-au-lycee-colbert\/","title":{"rendered":"\u00c9coGest Lyon : ParlyonDroit au Lyc\u00e9e Colbert"},"content":{"rendered":"<h2>Intervention de l\u2019association ParlyonDroit au Lyc\u00e9e Colbert : Une immersion dans le monde du droit num\u00e9rique<\/h2>\n<p>Le jeudi 22 janvier, les \u00e9tudiants des BTS NDRC et CG du Lyc\u00e9e Colbert ont particip\u00e9 \u00e0 une intervention anim\u00e9e par les volontaires de l\u2019association Parlyon.droit, d\u00e9di\u00e9e \u00e0 la d\u00e9couverte de sujets juridiques contemporains.<\/p>\n<p>Pour en savoir plus<\/p>\n","protected":false},"excerpt":{"rendered":"<p>Intervention de l\u2019association ParlyonDroit au Lyc\u00e9e Colbert : Une immersion dans le monde du droit num\u00e9rique Le jeudi 22 janvier, les \u00e9tudiants des BTS NDRC et CG du Lyc\u00e9e Colbert ont particip\u00e9 \u00e0 une intervention anim\u00e9e par les volontaires de l\u2019association Parlyon.droit, d\u00e9di\u00e9e \u00e0 la d\u00e9couverte de sujets juridiques contemporains. Pour en savoir plus<\/p>\n","protected":false},"author":17,"featured_media":20591,"comment_status":"closed","ping_status":"closed","sticky":false,"template":"","format":"standard","meta":{"footnotes":""},"categories":[286,326,152],"tags":[393,657,713],"class_list":["post-22957","post","type-post","status-publish","format-standard","has-post-thumbnail","hentry","category-actualites-bts-nrc-ndrc","category-bts-ndrc-malette-peda","category-zooms","tag-accueil_zoom","tag-bts-ndrc","tag-evenement"],"_links":{"self":[{"href":"https:\/\/ecogestion-legt.enseigne.ac-lyon.fr\/legt\/wp-json\/wp\/v2\/posts\/22957","targetHints":{"allow":["GET"]}}],"collection":[{"href":"https:\/\/ecogestion-legt.enseigne.ac-lyon.fr\/legt\/wp-json\/wp\/v2\/posts"}],"about":[{"href":"https:\/\/ecogestion-legt.enseigne.ac-lyon.fr\/legt\/wp-json\/wp\/v2\/types\/post"}],"author":[{"embeddable":true,"href":"https:\/\/ecogestion-legt.enseigne.ac-lyon.fr\/legt\/wp-json\/wp\/v2\/users\/17"}],"replies":[{"embeddable":true,"href":"https:\/\/ecogestion-legt.enseigne.ac-lyon.fr\/legt\/wp-json\/wp\/v2\/comments?post=22957"}],"version-history":[{"count":2,"href":"https:\/\/ecogestion-legt.enseigne.ac-lyon.fr\/legt\/wp-json\/wp\/v2\/posts\/22957\/revisions"}],"predecessor-version":[{"id":22993,"href":"https:\/\/ecogestion-legt.enseigne.ac-lyon.fr\/legt\/wp-json\/wp\/v2\/posts\/22957\/revisions\/22993"}],"wp:featuredmedia":[{"embeddable":true,"href":"https:\/\/ecogestion-legt.enseigne.ac-lyon.fr\/legt\/wp-json\/wp\/v2\/media\/20591"}],"wp:attachment":[{"href":"https:\/\/ecogestion-legt.enseigne.ac-lyon.fr\/legt\/wp-json\/wp\/v2\/media?parent=22957"}],"wp:term":[{"taxonomy":"category","embeddable":true,"href":"https:\/\/ecogestion-legt.enseigne.ac-lyon.fr\/legt\/wp-json\/wp\/v2\/categories?post=22957"},{"taxonomy":"post_tag","embeddable":true,"href":"https:\/\/ecogestion-legt.enseigne.ac-lyon.fr\/legt\/wp-json\/wp\/v2\/tags?post=22957"}],"curies":[{"name":"wp","href":"https:\/\/api.w.org\/{rel}","templated":true}]}}