
{"id":22893,"date":"2025-01-20T12:52:17","date_gmt":"2025-01-20T11:52:17","guid":{"rendered":"https:\/\/ecogestion-legt.enseigne.ac-lyon.fr\/legt\/?p=22893&#038;preview=true&#038;preview_id=22893"},"modified":"2025-01-20T12:53:00","modified_gmt":"2025-01-20T11:53:00","slug":"parcoursup-2025","status":"publish","type":"post","link":"https:\/\/ecogestion-legt.enseigne.ac-lyon.fr\/legt\/parcoursup-2025\/","title":{"rendered":"\u00c9coGest Lyon : Parcoursup 2025"},"content":{"rendered":"<p>Les candidats auront jusqu\u2019au jeudi 13 mars 2025 inclus pour formuler 10 v\u0153ux maximum, non hi\u00e9rarchis\u00e9s, puis jusqu&rsquo;au mercredi 2 avril 2025, 23h59, heure de Paris, pour finaliser leur dossier et confirmer leurs v\u0153ux. Parcoursup franchit une nouvelle \u00e9tape importante en 2025 en se dotant de nouvelles fonctionnalit\u00e9s con\u00e7ues pour proposer, avec l\u2019appui des \u00e9quipes \u00e9ducatives en proximit\u00e9, un accompagnement toujours plus adapt\u00e9 aux jeunes et \u00e0 leur famille, en leur permettant de faire des choix d\u2019\u00e9tudes \u00e9clair\u00e9s, en lien avec leurs aspirations et la r\u00e9alit\u00e9 des d\u00e9bouch\u00e9s professionnels. Parcoursup s\u2019inscrit dans une d\u00e9marche d\u2019am\u00e9lioration continue qui a vocation \u00e0 se poursuivre, \u00e0 l\u2019\u00e9coute des lyc\u00e9ens, des \u00e9tudiants et de leurs parents.<\/p>\n<p>Sont propos\u00e9es sur chaque fiche formation :<\/p>\n<p>Une carte d\u2019identit\u00e9 de la formation : elle permet de v\u00e9rifier de mani\u00e8re ais\u00e9e les informations essentielles : statut de l\u2019\u00e9tablissement, caract\u00e8re s\u00e9lectif ou non de la formation, nombre de places disponibles, d\u00e9tention ou non du label minist\u00e8re de l\u2019Enseignement sup\u00e9rieur et de la Recherche, \u00e9ligibilit\u00e9 aux bourses sur crit\u00e8res sociaux.<br \/>\nUne transparence encore accrue sur les crit\u00e8res et modalit\u00e9s d\u2019acc\u00e8s aux formations : de nouvelles informations sont mises \u00e0 disposition des \u00e9l\u00e8ves et des familles pour bien comprendre le processus d\u2019admission et conna\u00eetre le profil de lyc\u00e9ens qui ont pu recevoir des propositions et int\u00e9grer la formation au cours des trois derni\u00e8res ann\u00e9es : type de baccalaur\u00e9at (g\u00e9n\u00e9ral, technologique, professionnel), choix de parcours au lyc\u00e9e (enseignements de sp\u00e9cialit\u00e9, s\u00e9rie ou sp\u00e9cialit\u00e9s) et niveau scolaire en classe de terminale.<br \/>\nDes informations plus riches sur les conditions d\u2019insertion et d\u2019embauche \u00e0 la suite des formations suivies : parce que la connaissance des d\u00e9bouch\u00e9s concrets permet d\u2019\u00e9clairer les choix de parcours, le site Parcoursup proposera un p\u00e9rim\u00e8tre \u00e9tendu de formations pour lesquelles les services statistiques minist\u00e9riels ont calcul\u00e9 des donn\u00e9es d\u2019insertion 6 mois apr\u00e8s la sortie de la formation ou encore des donn\u00e9es sur la salaire net m\u00e9dian annuel 1 an apr\u00e8s la sortie de formation.<br \/>\nParcoursup 2025 : ouverture le 15 janvier de la phase d\u2019inscription et de formulation des v\u0153ux | Minist\u00e8re de l&rsquo;Education Nationale, de l&rsquo;Enseignement sup\u00e9rieur et de la Recherche<\/p>\n<p>&nbsp;<\/p>\n","protected":false},"excerpt":{"rendered":"<p>Les candidats auront jusqu\u2019au jeudi 13 mars 2025 inclus pour formuler 10 v\u0153ux maximum, non hi\u00e9rarchis\u00e9s, puis jusqu&rsquo;au mercredi 2 avril 2025, 23h59, heure de Paris, pour finaliser leur dossier et confirmer leurs v\u0153ux. Parcoursup franchit une nouvelle \u00e9tape importante en 2025 en se dotant de nouvelles fonctionnalit\u00e9s con\u00e7ues pour proposer, avec l\u2019appui des \u00e9quipes [&hellip;]<\/p>\n","protected":false},"author":17,"featured_media":0,"comment_status":"closed","ping_status":"open","sticky":false,"template":"","format":"standard","meta":{"footnotes":""},"categories":[12],"tags":[573,835,558],"class_list":["post-22893","post","type-post","status-publish","format-standard","hentry","category-flashs","tag-economie-et-gestion","tag-banque-de-france","tag-ecogest"],"_links":{"self":[{"href":"https:\/\/ecogestion-legt.enseigne.ac-lyon.fr\/legt\/wp-json\/wp\/v2\/posts\/22893","targetHints":{"allow":["GET"]}}],"collection":[{"href":"https:\/\/ecogestion-legt.enseigne.ac-lyon.fr\/legt\/wp-json\/wp\/v2\/posts"}],"about":[{"href":"https:\/\/ecogestion-legt.enseigne.ac-lyon.fr\/legt\/wp-json\/wp\/v2\/types\/post"}],"author":[{"embeddable":true,"href":"https:\/\/ecogestion-legt.enseigne.ac-lyon.fr\/legt\/wp-json\/wp\/v2\/users\/17"}],"replies":[{"embeddable":true,"href":"https:\/\/ecogestion-legt.enseigne.ac-lyon.fr\/legt\/wp-json\/wp\/v2\/comments?post=22893"}],"version-history":[{"count":2,"href":"https:\/\/ecogestion-legt.enseigne.ac-lyon.fr\/legt\/wp-json\/wp\/v2\/posts\/22893\/revisions"}],"predecessor-version":[{"id":22895,"href":"https:\/\/ecogestion-legt.enseigne.ac-lyon.fr\/legt\/wp-json\/wp\/v2\/posts\/22893\/revisions\/22895"}],"wp:attachment":[{"href":"https:\/\/ecogestion-legt.enseigne.ac-lyon.fr\/legt\/wp-json\/wp\/v2\/media?parent=22893"}],"wp:term":[{"taxonomy":"category","embeddable":true,"href":"https:\/\/ecogestion-legt.enseigne.ac-lyon.fr\/legt\/wp-json\/wp\/v2\/categories?post=22893"},{"taxonomy":"post_tag","embeddable":true,"href":"https:\/\/ecogestion-legt.enseigne.ac-lyon.fr\/legt\/wp-json\/wp\/v2\/tags?post=22893"}],"curies":[{"name":"wp","href":"https:\/\/api.w.org\/{rel}","templated":true}]}}