
{"id":22782,"date":"2025-01-12T22:41:46","date_gmt":"2025-01-12T21:41:46","guid":{"rendered":"https:\/\/ecogestion-legt.enseigne.ac-lyon.fr\/legt\/?p=22782&#038;preview=true&#038;preview_id=22782"},"modified":"2025-01-12T22:47:07","modified_gmt":"2025-01-12T21:47:07","slug":"partenariat-avec-la-banque-de-france-et-la-finance-pour-tous","status":"publish","type":"post","link":"https:\/\/ecogestion-legt.enseigne.ac-lyon.fr\/legt\/partenariat-avec-la-banque-de-france-et-la-finance-pour-tous\/","title":{"rendered":"\u00c9coGest Lyon : Partenariat Banque de France et la Finance pour tous"},"content":{"rendered":"<p>En partenariat avec la Banque de France et la Finance pour tous, nous vous proposons une s\u00e9rie de conf\u00e9rences th\u00e9matiques, ouvertes \u00e0 tous les enseignants d&rsquo;\u00e9conomie et gestion volontaires. Ces conf\u00e9rences ont vocation \u00e0 compl\u00e9ter l&rsquo;offre acad\u00e9mique, que nous savons riche et vari\u00e9e, et pour laquelle nous vous remercions. Pour des raisons d&rsquo;organisation, nous demandons une inscription en amont des conf\u00e9rences, et seuls les coll\u00e8gues inscrits pourront suivre ces conf\u00e9rences.<\/p>\n<p>Trois conf\u00e9rences sont propos\u00e9es d&rsquo;ici le mois de juin<\/p>\n<p><span style=\"text-decoration: underline;\"><strong>Le Policy-mix (le 06 f\u00e9vrier, de 16h \u00e0 18h) :<\/strong><\/span><\/p>\n<p>Politique budg\u00e9taire et politique mon\u00e9taire sont deux politiques macro\u00e9conomiques conjoncturelles. Elles sont men\u00e9es par des acteurs diff\u00e9rents qui sont ind\u00e9pendants l\u2019un de l\u2019autre (le gouvernement pour la\u00a0 politique budg\u00e9taire ;\u00a0 la banque centrale pour la politique mon\u00e9taire). La conf\u00e9rence sur le \u00ab Policy mix \u00bb pr\u00e9sent\u00e9e par la direction de l\u2019\u00c9ducation financi\u00e8re de la Banque de France permet d\u2019aborder la combinaison des deux politiques, les interd\u00e9pendances dans leurs effets sur l\u2019activit\u00e9 ainsi que les interd\u00e9pendances dans les contraintes qu\u2019une politique peut faire peser sur les marges de man\u0153uvre de l\u2019autre.<\/p>\n<p>Lien d&rsquo;inscription :<\/p>\n<p><a href=\"https:\/\/mosaic-adc.webex.com\/weblink\/register\/r27f46f123c616ac869863e9a8d7a7cda\" target=\"_blank\" rel=\"noopener\">https:\/\/mosaic-adc.webex.com\/weblink\/register\/r27f46f123c616ac869863e9a8d7a7cda<\/a><\/p>\n<p><span style=\"text-decoration: underline;\"><strong>Le financement et la soutenabilit\u00e9 de la dette publique (le 1er avril, de 16h \u00e0 18h) :<\/strong><\/span><\/p>\n<p>Dans un contexte marqu\u00e9 par les tensions budg\u00e9taires et un d\u00e9ficit public grandissant, il est essentiel de comprendre le fonctionnement de la dette publique : qui l\u2019\u00e9met, qui l&rsquo;acquiert, sous quelles formes et comment les taux d&rsquo;int\u00e9r\u00eat sont d\u00e9termin\u00e9s. Dans cette conf\u00e9rence, l&rsquo;IEFP explorera d\u2019abord l\u2019organisation du march\u00e9 de la dette publique, depuis son \u00e9mission jusqu\u2019\u00e0 sa circulation sur les march\u00e9s financiers. Dans un second temps, il abordera la question de la soutenabilit\u00e9 de la dette : comment d\u00e9finit-on une dette \u00ab soutenable \u00bb, et quelles conditions doit-elle remplir pour le rester ? Enfin, il examinera pourquoi certains pays parviennent \u00e0 g\u00e9rer des niveaux d\u2019endettement nettement plus \u00e9lev\u00e9s que d\u2019autres, et ce que cela signifie pour la France.<\/p>\n<p>Lien d&rsquo;inscription :<\/p>\n<p><a href=\"https:\/\/mosaic-adc.webex.com\/weblink\/register\/rf407c9d2c2c899789e79ec724c137bcd\" target=\"_blank\" rel=\"noopener\">https:\/\/mosaic-adc.webex.com\/weblink\/register\/rf407c9d2c2c899789e79ec724c137bcd<\/a><\/p>\n<p><span style=\"text-decoration: underline;\"><strong>Les m\u00e9canismes de l\u2019inflation (le 02 juin, de 16h \u00e0 18h) :<\/strong><\/span><\/p>\n<p>L\u2019inflation, la hausse durable et g\u00e9n\u00e9ralis\u00e9e des prix, a de multiples cons\u00e9quences sur l\u2019allocation des ressources et, plus g\u00e9n\u00e9ralement, sur l\u2019ensemble des acteurs \u00e9conomiques. Dans cette conf\u00e9rence pr\u00e9sent\u00e9e par la direction de l\u2019\u00c9ducation financi\u00e8re de la Banque de France, seront abord\u00e9s la fa\u00e7on dont elle est mesur\u00e9e, ses causes, l\u2019action des banques centrales pour la contenir et les enjeux actuels de politique mon\u00e9taire.<\/p>\n<p>Lien d&rsquo;inscription<\/p>\n<p><a href=\"https:\/\/mosaic-adc.webex.com\/weblink\/register\/r9c0a8d96e95029c4b8c58aec08ebb8b6\" target=\"_blank\" rel=\"noopener\">https:\/\/mosaic-adc.webex.com\/weblink\/register\/r9c0a8d96e95029c4b8c58aec08ebb8b6<\/a><\/p>\n","protected":false},"excerpt":{"rendered":"<p>En partenariat avec la Banque de France et la Finance pour tous, nous vous proposons une s\u00e9rie de conf\u00e9rences th\u00e9matiques, ouvertes \u00e0 tous les enseignants d&rsquo;\u00e9conomie et gestion volontaires. Ces conf\u00e9rences ont vocation \u00e0 compl\u00e9ter l&rsquo;offre acad\u00e9mique, que nous savons riche et vari\u00e9e, et pour laquelle nous vous remercions. Pour des raisons d&rsquo;organisation, nous demandons [&hellip;]<\/p>\n","protected":false},"author":17,"featured_media":0,"comment_status":"closed","ping_status":"open","sticky":false,"template":"","format":"standard","meta":{"footnotes":""},"categories":[12],"tags":[558,573,835],"class_list":["post-22782","post","type-post","status-publish","format-standard","hentry","category-flashs","tag-ecogest","tag-economie-et-gestion","tag-banque-de-france"],"_links":{"self":[{"href":"https:\/\/ecogestion-legt.enseigne.ac-lyon.fr\/legt\/wp-json\/wp\/v2\/posts\/22782","targetHints":{"allow":["GET"]}}],"collection":[{"href":"https:\/\/ecogestion-legt.enseigne.ac-lyon.fr\/legt\/wp-json\/wp\/v2\/posts"}],"about":[{"href":"https:\/\/ecogestion-legt.enseigne.ac-lyon.fr\/legt\/wp-json\/wp\/v2\/types\/post"}],"author":[{"embeddable":true,"href":"https:\/\/ecogestion-legt.enseigne.ac-lyon.fr\/legt\/wp-json\/wp\/v2\/users\/17"}],"replies":[{"embeddable":true,"href":"https:\/\/ecogestion-legt.enseigne.ac-lyon.fr\/legt\/wp-json\/wp\/v2\/comments?post=22782"}],"version-history":[{"count":4,"href":"https:\/\/ecogestion-legt.enseigne.ac-lyon.fr\/legt\/wp-json\/wp\/v2\/posts\/22782\/revisions"}],"predecessor-version":[{"id":22787,"href":"https:\/\/ecogestion-legt.enseigne.ac-lyon.fr\/legt\/wp-json\/wp\/v2\/posts\/22782\/revisions\/22787"}],"wp:attachment":[{"href":"https:\/\/ecogestion-legt.enseigne.ac-lyon.fr\/legt\/wp-json\/wp\/v2\/media?parent=22782"}],"wp:term":[{"taxonomy":"category","embeddable":true,"href":"https:\/\/ecogestion-legt.enseigne.ac-lyon.fr\/legt\/wp-json\/wp\/v2\/categories?post=22782"},{"taxonomy":"post_tag","embeddable":true,"href":"https:\/\/ecogestion-legt.enseigne.ac-lyon.fr\/legt\/wp-json\/wp\/v2\/tags?post=22782"}],"curies":[{"name":"wp","href":"https:\/\/api.w.org\/{rel}","templated":true}]}}