
{"id":22735,"date":"2025-01-05T14:49:41","date_gmt":"2025-01-05T13:49:41","guid":{"rendered":"https:\/\/ecogestion-legt.enseigne.ac-lyon.fr\/legt\/?p=22735&#038;preview=true&#038;preview_id=22735"},"modified":"2025-01-12T21:57:36","modified_gmt":"2025-01-12T20:57:36","slug":"message-hebdo-2425-15-lundi-6-janvier-2025","status":"publish","type":"post","link":"https:\/\/ecogestion-legt.enseigne.ac-lyon.fr\/legt\/message-hebdo-2425-15-lundi-6-janvier-2025\/","title":{"rendered":"\u00c9coGest Lyon : Message Hebdo #2425-15 &#8211; Lundi 6 Janvier 2025"},"content":{"rendered":"\n<style type=\"text\/css\">\n\t#outlook a{padding:0;}\n\n.ReadMsgBody { width: 100%; background-color: #FFFFFF; }\n.ExternalClass { width: 100%; background-color: #FFFFFF; }\n.ExternalClass, .ExternalClass p, .ExternalClass span, .ExternalClass font, .ExternalClass td, .ExternalClass div { line-height: 100%; }\nhtml { width: 100%; }\nbody { -webkit-text-size-adjust: none; -ms-text-size-adjust: none; margin: 0; padding: 0; }\ntable { border-spacing: 0; table-layout: fixed; margin: 0 auto; }\ntable table table { table-layout: auto; }\n.yshortcuts a { border-bottom: none !important; }\nimg:hover { opacity: 0.9 !important; }\na { color: #2195de; text-decoration: none; }\na.a_footer { color: #ffffff; text-decoration: none;  }\n\n.textbutton a { font-family: 'open sans', arial, sans-serif !important;}\n.btn-link a { color:#FFFFFF !important;}\n.textlink a { color: #414a51 !important; }\n.preferencelink a { color: #ffffff !important; text-decoration: underline !important; }\ntd.TitreSection { font-size: 1.3em; }\n\/*Responsive*\/\n@media only screen and (max-width: 480px) {\nbody { width: auto !important; }\n*[class=\"table-inner\"] { width: 90% !important; text-align: center !important; }\n*[class=\"table-full\"] { width: 100% !important; text-align: center !important; }\n\/* image *\/\nimg[class=\"img1\"] { width: 100% !important; height: auto !important; }\n\/* ETC *\/\ntd[class=\"hide\"] { max-height: 0px !important; height: 0px !important; }\n*[class=\"contact-button\"] { border-top: 0px }\ntd[class=\"TitreSection\"] { font-size: 1em }\n}\ntable.body p{font-family: 'Open sans', Arial, sans-serif !important; color:#7f8c8d; font-size:15px; line-height: 28px;}\ntable.body p a { color: #2195de; text-decoration: none;  }\n\nh1.FOCUS {font-family: 'Open Sans', Arial, sans-serif !important; color:#2195de; font-size:22px;font-weight: normal;margin-top: 0px;margin-bottom: 10px;}\nh1.EXAMENS {font-family: 'Open Sans', Arial, sans-serif !important; color:#2195de; font-size:22px;font-weight: normal;margin-top: 0px;margin-bottom: 10px;}\nh1.FORMATIONS {font-family: 'Open Sans', Arial, sans-serif !important; color:#2195de; font-size:22px;font-weight: normal;margin-top: 0px;margin-bottom: 10px;}\nh1.ACTUALITES {font-family: 'Open Sans', Arial, sans-serif !important; color:#2195de; font-size:22px;font-weight: normal;margin-top: 0px;margin-bottom: 10px;}\n\nh1.BREVE {font-family: 'Open Sans', Arial, sans-serif !important; color:#ffffff; font-size:22px;font-weight: normal;margin-top: 0px;margin-bottom: 10px;}\n\n<\/style>\n\n\n\n<p class=\"has-text-align-center\"><a href=\"https:\/\/ecogestion-legt.enseigne.ac-lyon.fr\/legt\/newsletter\/message-hebdo-15-lundi-6-janvier\/\">Message hebdo #16 &#8211; Lundi 13 janvier<\/a><\/p>\n\n\n<div class=\"wp-block-image\">\n<figure class=\"aligncenter size-large\" id=\"HAUT\"><img decoding=\"async\" src=\"https:\/\/ecogestion-legt.enseigne.ac-lyon.fr\/legt\/wp-content\/uploads\/2022\/11\/MH_Bandeau.jpg\" alt=\"\"\/><\/figure><\/div>\n\n\n<div class=\"wp-block-group is-content-justification-center is-nowrap is-layout-flex wp-container-core-group-is-layout-1 wp-block-group-is-layout-flex\">\n<figure class=\"wp-block-image size-large\"><img decoding=\"async\" src=\"https:\/\/ecogestion-legt.enseigne.ac-lyon.fr\/legt\/wp-content\/uploads\/2022\/09\/menuMH_Focus_2022.jpg\" alt=\"\"\/><\/figure>\n\n\n\n<figure class=\"wp-block-image size-large\"><a href=\"#FORMATION\"><img decoding=\"async\" src=\"https:\/\/ecogestion-legt.enseigne.ac-lyon.fr\/legt\/wp-content\/uploads\/2022\/09\/menuMH_Formations_2022.jpg\" alt=\"\"\/><\/a><\/figure>\n\n\n\n<figure class=\"wp-block-image size-large\"><a href=\"#EXAMEN\"><img decoding=\"async\" src=\"https:\/\/ecogestion-legt.enseigne.ac-lyon.fr\/legt\/wp-content\/uploads\/2022\/09\/menuMH_Examens_2022.jpg\" alt=\"\"\/><\/a><\/figure>\n\n\n\n<figure class=\"wp-block-image size-large\"><a href=\"#ACTU\"><img decoding=\"async\" src=\"https:\/\/ecogestion-legt.enseigne.ac-lyon.fr\/legt\/wp-content\/uploads\/2022\/09\/menuMH_Actualites_2022.jpg\" alt=\"\"\/><\/a><\/figure>\n<\/div>\n\n\n\n<h1 class=\"wp-block-heading has-text-align-center TitreSection has-white-color has-vivid-cyan-blue-background-color has-text-color has-background has-link-color wp-elements-6313250b92f8c13c66efe0708ed3ca07\">FOCUS &#8211; BREVE<\/h1>\n\n\n\n<p><\/p>\n\n\n\n<h2 class=\"wp-block-heading\">> Partenariat avec la Banque de France et la Finance pour tous<\/h2>\n\n\n\n<p class=\"has-text-align-left\">En partenariat avec la Banque de France et la Finance pour tous, nous vous proposons une s\u00e9rie de conf\u00e9rences th\u00e9matiques, ouvertes \u00e0 tous les enseignants d&rsquo;\u00e9conomie et gestion volontaires. Ces conf\u00e9rences ont vocation \u00e0 compl\u00e9ter l&rsquo;offre acad\u00e9mique, que nous savons riche et vari\u00e9e, et pour laquelle nous vous remercions. Pour des raisons d&rsquo;organisation, nous demandons une inscription en amont des conf\u00e9rences, et seuls les coll\u00e8gues inscrits pourront suivre ces conf\u00e9rences.\u00a0\u00a0<\/p>\n\n\n\n<p>Trois conf\u00e9rences sont propos\u00e9es d&rsquo;ici le mois de juin<\/p>\n\n\n\n<p><strong>Le Policy-mix (le 06 f\u00e9vrier, de 16h \u00e0 18h) :<\/strong><\/p>\n\n\n\n<p>Politique budg\u00e9taire et politique mon\u00e9taire sont deux politiques macro\u00e9conomiques conjoncturelles. Elles sont men\u00e9es par des acteurs diff\u00e9rents qui sont ind\u00e9pendants l\u2019un de l\u2019autre (le gouvernement pour la\u00a0 politique budg\u00e9taire ;\u00a0 la banque centrale pour la politique mon\u00e9taire). La conf\u00e9rence sur le \u00ab Policy mix \u00bb pr\u00e9sent\u00e9e par la direction de l\u2019\u00c9ducation financi\u00e8re de la Banque de France permet d\u2019aborder la combinaison des deux politiques, les interd\u00e9pendances dans leurs effets sur l\u2019activit\u00e9 ainsi que les interd\u00e9pendances dans les contraintes qu\u2019une politique peut faire peser sur les marges de man\u0153uvre de l\u2019autre.<\/p>\n\n\n\n<p>Lien d&rsquo;inscription <a href=\"https:\/\/mosaic-adc.webex.com\/weblink\/register\/r27f46f123c616ac869863e9a8d7a7cda\">https:\/\/mosaic-adc.webex.com\/weblink\/register\/r27f46f123c616ac869863e9a8d7a7cda<\/a><\/p>\n\n\n\n<p><strong>Le financement et la soutenabilit\u00e9 de la dette publique (le 1er avril, de 16h \u00e0 18h) :<\/strong><\/p>\n\n\n\n<p>Dans un contexte marqu\u00e9 par les tensions budg\u00e9taires et un d\u00e9ficit public grandissant, il est essentiel de comprendre le fonctionnement de la dette publique : qui l\u2019\u00e9met, qui l&rsquo;acquiert, sous quelles formes et comment les taux d&rsquo;int\u00e9r\u00eat sont d\u00e9termin\u00e9s. Dans cette conf\u00e9rence, l&rsquo;IEFP explorera d\u2019abord l\u2019organisation du march\u00e9 de la dette publique, depuis son \u00e9mission jusqu\u2019\u00e0 sa circulation sur les march\u00e9s financiers. Dans un second temps, il abordera la question de la soutenabilit\u00e9 de la dette : comment d\u00e9finit-on une dette \u00ab soutenable \u00bb, et quelles conditions doit-elle remplir pour le rester ? Enfin, il examinera pourquoi certains pays parviennent \u00e0 g\u00e9rer des niveaux d\u2019endettement nettement plus \u00e9lev\u00e9s que d\u2019autres, et ce que cela signifie pour la France.<\/p>\n\n\n\n<p>Lien d&rsquo;inscription <a href=\"https:\/\/mosaic-adc.webex.com\/weblink\/register\/rf407c9d2c2c899789e79ec724c137bcd\">https:\/\/mosaic-adc.webex.com\/weblink\/register\/rf407c9d2c2c899789e79ec724c137bcd<\/a>\u00a0\u00a0<\/p>\n\n\n\n<p><strong>Les m\u00e9canismes de l\u2019inflation (le 02 juin, de 16h \u00e0 18h) :<\/strong><\/p>\n\n\n\n<p>L\u2019inflation, la hausse durable et g\u00e9n\u00e9ralis\u00e9e des prix, a de multiples cons\u00e9quences sur l\u2019allocation des ressources et, plus g\u00e9n\u00e9ralement, sur l\u2019ensemble des acteurs \u00e9conomiques. Dans cette conf\u00e9rence pr\u00e9sent\u00e9e par la direction de l\u2019\u00c9ducation financi\u00e8re de la Banque de France, seront abord\u00e9s la fa\u00e7on dont elle est mesur\u00e9e, ses causes, l\u2019action des banques centrales pour la contenir et les enjeux actuels de politique mon\u00e9taire.<\/p>\n\n\n\n<p>Lien d&rsquo;inscription <a href=\"https:\/\/mosaic-adc.webex.com\/weblink\/register\/r9c0a8d96e95029c4b8c58aec08ebb8b6\">https:\/\/mosaic-adc.webex.com\/weblink\/register\/r9c0a8d96e95029c4b8c58aec08ebb8b6<\/a><\/p>\n\n\n\n<h1 class=\"wp-block-heading has-text-align-center MHTitre has-white-color has-vivid-cyan-blue-background-color has-text-color has-background has-link-color has-large-font-size wp-elements-9839a4398dc14c8b0a1d06b975807c53\" id=\"FORMATION\">FORMATION &#8211; RH<\/h1>\n\n\n\n<h2 class=\"wp-block-heading\">> <strong>Enseigner le droit et l\u2019\u00e9conomie<\/strong><\/h2>\n\n\n<div class=\"wp-block-image\">\n<figure class=\"alignleft size-full\"><img loading=\"lazy\" decoding=\"async\" width=\"182\" height=\"255\" src=\"https:\/\/ecogestion-legt.enseigne.ac-lyon.fr\/legt\/wp-content\/uploads\/2020\/05\/16521296-traffic-sign-directional-indication.jpg\" alt=\"\" class=\"wp-image-11454\" srcset=\"https:\/\/ecogestion-legt.enseigne.ac-lyon.fr\/legt\/wp-content\/uploads\/2020\/05\/16521296-traffic-sign-directional-indication.jpg 182w, https:\/\/ecogestion-legt.enseigne.ac-lyon.fr\/legt\/wp-content\/uploads\/2020\/05\/16521296-traffic-sign-directional-indication-79x110.jpg 79w, https:\/\/ecogestion-legt.enseigne.ac-lyon.fr\/legt\/wp-content\/uploads\/2020\/05\/16521296-traffic-sign-directional-indication-50x70.jpg 50w, https:\/\/ecogestion-legt.enseigne.ac-lyon.fr\/legt\/wp-content\/uploads\/2020\/05\/16521296-traffic-sign-directional-indication-182x255.jpg 200w\" sizes=\"auto, (max-width: 182px) 100vw, 182px\" \/><\/figure><\/div>\n\n\n<p><h2 dir=\"ltr\" style=\"line-height:1.2;text-align: justify;background-color:#ffffff;margin-top:0pt;margin-bottom:0pt;padding:0pt 0pt 0pt 52.5pt;\" id=\"docs-internal-guid-ee127693-7fff-1e29-f656-5baa4d7f2850\"><\/h2><h2 dir=\"ltr\" style=\"line-height:1.2;text-align: justify;background-color:#ffffff;margin-top:0pt;margin-bottom:0pt;padding:0pt 0pt 0pt 52.5pt;\"><span style=\"font-size:11pt;font-family:Arial,sans-serif;color:#000000;background-color:transparent;font-weight:400;font-style:normal;font-variant:normal;text-decoration:none;vertical-align:baseline;white-space:pre;white-space:pre-wrap;\">Un groupe de travail &#8211; de type communaut\u00e9 apprenante &#8211; va exp\u00e9rimenter, suite \u00e0 une commande de l\u2019inspection g\u00e9n\u00e9rale et de la dgesco,\u00a0 entre janvier et juin un travail d&rsquo;exp\u00e9rimentation didactique pour mieux r\u00e9pondre aux besoins des \u00e9l\u00e8ves sur les enseignement du droit et de l\u2019\u00e9conomie, mais aussi mieux\u00a0 pr\u00e9parer\u00a0 les \u00e9l\u00e8ves de STMG aux\u00a0 exigences des \u00e9preuves (exploitation d\u2019un corpus documentaire, argumentation, r\u00e9daction, expression orale\u2026).<\/span><\/h2><h2 dir=\"ltr\" style=\"line-height:1.2;text-align: justify;background-color:#ffffff;margin-top:0pt;margin-bottom:0pt;padding:0pt 0pt 0pt 52.5pt;\"><\/h2><h2 dir=\"ltr\" style=\"line-height:1.2;text-align: justify;background-color:#ffffff;margin-top:0pt;margin-bottom:0pt;padding:0pt 0pt 0pt 52.5pt;\"><span style=\"font-size:11pt;font-family:Arial,sans-serif;color:#000000;background-color:transparent;font-weight:400;font-style:normal;font-variant:normal;text-decoration:none;vertical-align:baseline;white-space:pre;white-space:pre-wrap;\">Cette exp\u00e9rimentation, construite sur des principes tir\u00e9s des<\/span><span style=\"font-size:11pt;font-family:Arial,sans-serif;color:#000000;background-color:transparent;font-weight:400;font-style:italic;font-variant:normal;text-decoration:none;vertical-align:baseline;white-space:pre;white-space:pre-wrap;\"> lessons studies<\/span><span style=\"font-size:11pt;font-family:Arial,sans-serif;color:#000000;background-color:transparent;font-weight:400;font-style:normal;font-variant:normal;text-decoration:none;vertical-align:baseline;white-space:pre;white-space:pre-wrap;\"> et des constellations (dans le 1er degr\u00e9), et qui associera une quinzaine de professeurs, sera coordonn\u00e9e par L\u00e9onard Sevestre et Jean-Charles Diry avec le concours de 4 pilotes (Mickael Philibert, Camille Lhote, Virginie Damiche et Nicolas Paturel).<\/span><\/h2><p dir=\"ltr\" style=\"line-height:1.295;text-align: justify;margin-top:12pt;margin-bottom:12pt;\"><span style=\"font-size:11pt;font-family:Arial,sans-serif;color:#000000;background-color:transparent;font-weight:400;font-style:normal;font-variant:normal;text-decoration:none;vertical-align:baseline;white-space:pre;white-space:pre-wrap;\">Son d\u00e9ploiement s\u2019effectuera dans le cadre d\u2019un parcours de formation EFAC qui va d\u00e9marrer d\u00e9but f\u00e9vrier et qui permettra l\u2019ann\u00e9e prochaine de mettre en place une g\u00e9n\u00e9ralisation du dispositif de formation pour tous les professeurs volontaires de l\u2019acad\u00e9mie de Lyon enseignant le droit et l\u2019\u00e9conomie.\u00a0<\/span><\/p><p dir=\"ltr\" style=\"line-height:1.295;text-align: justify;margin-top:12pt;margin-bottom:12pt;\"><span style=\"font-size:11pt;font-family:Arial,sans-serif;color:#000000;background-color:transparent;font-weight:400;font-style:normal;font-variant:normal;text-decoration:none;vertical-align:baseline;white-space:pre;white-space:pre-wrap;\">Les ressources p\u00e9dagogiques (m\u00e9thodes, techniques, guides, supports) seront bien \u00e9videmment mis \u00e0 la disposition de tous.<\/span><\/p><\/p>\n\n\n<div class=\"wp-block-image\">\n<figure class=\"alignright size-large\"><a href=\"#HAUT\"><img decoding=\"async\" src=\"https:\/\/ecogestion-legt.enseigne.ac-lyon.fr\/legt\/wp-content\/uploads\/2022\/09\/retour_bleu_2022.jpg\" alt=\"\"\/><\/a><\/figure><\/div>\n\n\n<p><\/p>\n\n\n\n<h2 class=\"wp-block-heading has-text-align-center has-white-color has-vivid-cyan-blue-background-color has-text-color has-background has-link-color has-large-font-size wp-elements-9979a7896dd14ba74a8b979c3602d495\" id=\"EXAMEN\">EXAMEN &#8211; CONCOURS<\/h2>\n\n\n\n<h2 class=\"wp-block-heading\">&gt; R\u00e9unions d\u2019organisation des examens du baccalaur\u00e9at et des BTS<\/h2>\n\n\n<div class=\"wp-block-image\">\n<figure class=\"alignleft size-large\"><img decoding=\"async\" src=\"https:\/\/ecogestion-legt.enseigne.ac-lyon.fr\/legt\/wp-content\/uploads\/2020\/06\/organized-1534869-200x150.jpg\" alt=\"\"\/><\/figure><\/div>\n\n\n<p><strong>EDS<\/strong><\/p>\n\n\n\n<ul class=\"wp-block-list\">\n<li><strong>MSGN :<\/strong>\u00a0mardi 17 juin de 14h \u00e0 18h (commission nationale d\u2019entente pour les coordonnateurs, le 18 juin de 13h30 \u00e0 15h30)<\/li>\n\n\n\n<li><strong>Droit Eco<\/strong> : mercredi 18 juin de 14h \u00e0 18h (commission nationale d\u2019entente\u00a0pour les coordonnateurs, le 19 juin de 13h30 \u00e0 15h30)<\/li>\n\n\n\n<li><strong>Commissions acad\u00e9miques d\u2019entente<\/strong> : le vendredi 20 juin \u00e0 13h30 (Droit Eco et MSDGN en parall\u00e8le).<\/li>\n<\/ul>\n\n\n\n<ul class=\"wp-block-list\">\n<li><strong>Grand Oral\u00a0<\/strong><\/li>\n\n\n\n<li>\u00c9preuves la semaine du 23 au 27 juin<\/li>\n<\/ul>\n\n\n\n<ul class=\"wp-block-list\">\n<li>Bin\u00f4me 1 : enseignants en charge d\u2019enseignements sp\u00e9cifiques<\/li>\n\n\n\n<li>Bin\u00f4me 2 : enseignants en charge de MSGN tronc commun et enseignants de droit-\u00e9conomie.<\/li>\n\n\n\n<li><strong>Corrections EDS<\/strong><\/li>\n<\/ul>\n\n\n\n<ul class=\"wp-block-list\">\n<li>R\u00e9union d\u2019entente acad\u00e9mique : 20 juin \u00e0 13h30\u00a0<\/li>\n\n\n\n<li>D\u00e9but des corrections : 20 juin \u00e0 16h<\/li>\n\n\n\n<li>Fin des corrections EDS : 30 juin \u00e0 9h<\/li>\n\n\n\n<li>Harmonisation acad\u00e9mique des EDS,\u00a0 le 1er juillet, en visioconf\u00e9rence, \u00e0 13h30\u00a0<\/li>\n\n\n\n<li>A titre indicatif : une soixantaine de copies par correcteur<\/li>\n\n\n\n<li>Coordonnateurs :\u00a0\u00a0<\/li>\n<\/ul>\n\n\n\n<ul class=\"wp-block-list\">\n<li>Droit Economie : Camille Lhote (Lyc\u00e9e Carriat, Bourg en Bresse), Mickael Philibert (Lyc\u00e9e Saint Just, Lyon 5)\u00a0<\/li>\n\n\n\n<li>MSGN : Nathalie CANDEL (Lyc\u00e9e Aragon, Givors) ; Muriel SEUX (Lyc\u00e9e Saint Just, Lyon 5).<\/li>\n\n\n\n<li><strong>Jury\u00a0: le 3 juillet<\/strong><\/li>\n<\/ul>\n\n\n\n<p>Rattrapage du Bac le 8 et le 9 juillet.<\/p>\n\n\n\n<p>Publication des r\u00e9sultats le 4 juillet matin (le lundi 7 juillet, les \u00e9l\u00e8ves choisissent)<\/p>\n\n\n\n<p>BTS <a href=\"https:\/\/www.education.gouv.fr\/bo\/2024\/Hebdo41\/ESRS2424835A\">Calendrier des \u00e9preuves communes \u2013 Session 2025 | Minist\u00e8re de l&rsquo;Education Nationale, de l&rsquo;Enseignement sup\u00e9rieur et de la Recherche<\/a><\/p>\n\n\n<div class=\"wp-block-image\">\n<figure class=\"alignright size-large\"><a href=\"#HAUT\"><img decoding=\"async\" src=\"https:\/\/ecogestion-legt.enseigne.ac-lyon.fr\/legt\/wp-content\/uploads\/2022\/09\/retour_bleu_2022.jpg\" alt=\"\"\/><\/a><\/figure><\/div>\n\n\n<p>BAC <a href=\"https:\/\/www.education.gouv.fr\/reussir-au-lycee\/baccalaureat-brevet-cap-parcoursup-le-calendrier-2025-341384\">Baccalaur\u00e9at, brevet, CAP, Parcoursup : le calendrier 2025 | Minist\u00e8re de l&rsquo;Education Nationale, de l&rsquo;Enseignement sup\u00e9rieur et de la Recherche<\/a><\/p>\n\n\n\n<h1 class=\"wp-block-heading has-text-align-center has-white-color has-vivid-cyan-blue-background-color has-text-color has-background has-link-color has-large-font-size wp-elements-c159553f65c26c4418c7daa73a9366a0\" id=\"ACTU\">ACTUALIT\u00c9 &#8211; AGENDA<\/h1>\n\n\n\n<h2 class=\"wp-block-heading\">&gt; Projet de coop\u00e9ration international<\/h2>\n\n\n<div class=\"wp-block-image\">\n<figure class=\"alignleft size-large\"><img decoding=\"async\" src=\"https:\/\/ecogestion-legt.enseigne.ac-lyon.fr\/legt\/wp-content\/uploads\/2024\/12\/8iclap2-200x66.png\" alt=\"\"\/><\/figure><\/div>\n\n\n<p>Un projet de coop\u00e9ration internationale avec 6 pays et 9 organisations a permis \u00e0 diff\u00e9rents partenaires de travailler avec l\u2019EAFC de Lyon et plus sp\u00e9cialement le d\u00e9partement innovation sur l\u2019ing\u00e9nierie d\u2019accompagnement comme levier d\u2019innovation p\u00e9dagogique. Un premier livrable a d\u00e9j\u00e0 \u00e9t\u00e9 produit, le m\u00e9mento de l\u2019innovation p\u00e9dagogique. Pour tout savoir sur ce projet :&nbsp;<a href=\"https:\/\/iaclip.eu\/\">Visitez le site IACLIP.eu<\/a><br><\/p>\n\n\n\n<figure class=\"wp-block-image size-large\"><img decoding=\"async\" src=\"https:\/\/ecogestion-legt.enseigne.ac-lyon.fr\/legt\/wp-content\/uploads\/2025\/01\/iclapaccueil.png\" alt=\"\"\/><\/figure>\n\n\n\n<h2 class=\"wp-block-heading\">&gt; Nouveau parcours animation de la fili\u00e8re comptable<\/h2>\n\n\n\n<h5 class=\"wp-block-heading\">(Signal\u00e9 par  E. Couturier, J.-P. Minier et N. Paturel)<\/h5>\n\n\n<div class=\"wp-block-image\">\n<figure class=\"alignleft size-large\"><img decoding=\"async\" src=\"https:\/\/ecogestion-legt.enseigne.ac-lyon.fr\/legt\/wp-content\/uploads\/2024\/12\/1-1-200x150.jpg\" alt=\"\"\/><\/figure><\/div>\n\n\n<p>Le 2 d\u00e9cembre 2024, le nouveau parcours animation de la fili\u00e8re comptable a \u00e9t\u00e9 pr\u00e9sent\u00e9 aux coll\u00e8gues lors d\u2019un temps de visio-conf\u00e9rence. \u00c0 la suite du parcours de l\u2019ann\u00e9e derni\u00e8re, le choix a \u00e9t\u00e9 fait de reconduire cette ann\u00e9e deux grands axes de formation : -1 axe de formation p\u00e9dagogique -1 axe de formation disciplinaire<\/p>\n\n\n\n<p><a href=\"https:\/\/ecogestion-legt.enseigne.ac-lyon.fr\/legt\/animation-de-la-filiere-comptabilite-et-gestion-en-sts-cg-dcg-et-dscg-2024-2025\/\">Pour en savoir plus<\/a> :<br><\/p>\n\n\n\n<h2 class=\"wp-block-heading\">&gt; Nouveau parcours animation de la fili\u00e8re comptable<\/h2>\n\n\n\n<h5 class=\"wp-block-heading\">(Signal\u00e9 par C. Dagorne)<\/h5>\n\n\n<div class=\"wp-block-image\">\n<figure class=\"alignleft size-large\"><img decoding=\"async\" src=\"https:\/\/ecogestion-legt.enseigne.ac-lyon.fr\/legt\/wp-content\/uploads\/2025\/01\/Trouver-ma-voie_Nicolas-Serdon_s-OK-200x133.jpg\" alt=\"\"\/><\/figure><\/div>\n\n\n<p>En cette fin d\u2019ann\u00e9e 2024, les \u00e9l\u00e8ves de la fili\u00e8re STMG du lyc\u00e9e de Saint Just ont eu l\u2019opportunit\u00e9 de b\u00e9n\u00e9ficier de 2 dispositifs tr\u00e8s enrichissants.<br><a href=\"https:\/\/ecogestion-legt.enseigne.ac-lyon.fr\/legt\/une-fin-dannee-riche-en-evenements-pour-les-eleves-du-lycee-de-saint-just\/\">Pour en savoir plus :<\/a><br><\/p>\n\n\n<div class=\"wp-block-image\">\n<figure class=\"alignright size-large\"><a href=\"#HAUT\"><img decoding=\"async\" src=\"https:\/\/ecogestion-legt.enseigne.ac-lyon.fr\/legt\/wp-content\/uploads\/2022\/09\/retour_bleu_2022.jpg\" alt=\"\"\/><\/a><\/figure><\/div>\n\n<div class=\"wp-block-image\">\n<figure class=\"aligncenter size-large\"><img decoding=\"async\" src=\"https:\/\/ecogestion-legt.enseigne.ac-lyon.fr\/legt\/wp-content\/uploads\/2025\/01\/2025-490x342.jpg\" alt=\"\"\/><\/figure><\/div>\n\n\n<table style=\"\" cellspacing=\"0\" cellpadding=\"0\" border=\"0\" align=\"center\">\n\n<TR bgcolor=\"#2195de\">\n\t<td style=\"font-family: 'Open sans', Arial, sans-serif; color:#FFFFFF; font-size:13px; line-height: 20px;font-weight: bold;\" align=\"center\" width=\"70%\">  \n\t\t <multi label=\"IPR\">\n\t\t\t\t\t\t\t\tJean-Charles DIRY<br>\n                                Nathalie FREYDIERE<br>\n                                V\u00e9ronique MONMARON<br>\n                                L\u00e9onard SEVESTRE<br>\n\t\t\t\t\t\t\t\tIA-IPR \u00c9CONOMIE ET GESTION<br><br>\n\t\t\t\t\t\t\t\t<\/multi>\t\n\t<\/td>\n\t<td style=\"font-family: 'Open sans', Arial, sans-serif; color:#FFFFFF; font-size:13px; line-height: 20px;font-weight: bold;\" align=\"center\" width=\"30%\">\n\t\t<a href=\"https:\/\/www.ac-lyon.fr\"><img decoding=\"async\" editable=\"\" label=\"social-2\" src=\"https:\/\/ecogestion-legt.enseigne.ac-lyon.fr\/legt\/wp-content\/uploads\/2019\/06\/logo-academie-blanc-79.png\" alt=\"AcLyon\" style=\"display:block; line-height:0px; font-size:0px; border:0px;\" class=\"\"><\/a>\n\t<\/TD>\n\t\n<\/TR>\n<TR bgcolor=\"#2195de\">\n\t<TD style=\"font-family: 'Open sans', Arial, sans-serif; color:#FFFFFF; font-size:11px; line-height: 16px;\" align=\"left\" width=\"70%\">  \n\t\t <multi label=\"footer\">\n\t\t\t\t\t\t\t\tSite \u00c9cogestion : <a class=\"a_footer\" href=\"https:\/\/ecogestion-legt.enseigne.ac-lyon.fr\/legt\/\" data-mce-href=\"https:\/\/ecogestion-legt.enseigne.ac-lyon.fr\/legt\">https:\/\/ecogestion-legt.enseigne.ac-lyon.fr\/legt<\/a><br>\n                                Ce message est g\u00e9n\u00e9r\u00e9 automatiquement, merci de ne pas y r\u00e9pondre et d\u2019adresser vos questions \u00e0 <a class=\"a_footer\" href=\"https:\/\/ecogestion-legt.enseigne.ac-lyon.fr\/legt\/contact\/\" data-mce-href=\"https:\/\/ecogestion-legt.enseigne.ac-lyon.fr\/legt\/contact\/\">contactecogest@ac-lyon.fr<\/a><BR \/>\n                                Vous recevez ce mail car vous \u00eates professeur.e d\u2019\u00c9conomie et Gestion ou vous en avez fait la demande et votre adresse de messagerie profesionnelle est uniquement utilis\u00e9e pour vous envoyer les informations de la fili\u00e8re \u00c9conomie et Gestion.<br>\nVous vous \u00eates abonn\u00e9.e, vous b\u00e9n\u00e9ficiez de droit de rectification et de supression.\n\t\t\t\t\t\t\t\t<\/multi>\t\n\t<\/td>\n\t<td style=\"font-family: 'Open sans', Arial, sans-serif; color:#FFFFFF; font-size:13px; line-height: 20px;font-weight: bold;\" align=\"center\" width=\"30%\">\n\t\t<a href=\"https:\/\/twitter.com\/ecogestlyon\"><img decoding=\"async\" editable=\"\" label=\"social-2\" src=\"https:\/\/ecogestion-legt.enseigne.ac-lyon.fr\/legt\/wp-content\/uploads\/2022\/09\/Twitter_128.jpg\" alt=\"Twitter\" style=\"display:block; line-height:0px; font-size:0px; border:0px;\" class=\"\"><\/a>\n\t<\/TD>\n\t\n<\/TR>\n<\/TABLE>\n","protected":false},"excerpt":{"rendered":"<p>Message hebdo #16 &#8211; Lundi 13 janvier FOCUS &#8211; BREVE > Partenariat avec la Banque de France et la Finance pour tous En partenariat avec la Banque de France et la Finance pour tous, nous vous proposons une s\u00e9rie de conf\u00e9rences th\u00e9matiques, ouvertes \u00e0 tous les enseignants d&rsquo;\u00e9conomie et gestion volontaires. Ces conf\u00e9rences ont vocation [&hellip;]<\/p>\n","protected":false},"author":75,"featured_media":22714,"comment_status":"closed","ping_status":"open","sticky":false,"template":"","format":"standard","meta":{"footnotes":""},"categories":[13,81],"tags":[],"class_list":["post-22735","post","type-post","status-publish","format-standard","has-post-thumbnail","hentry","category-message-hebdo","category-wiki-adminsitrateurs"],"_links":{"self":[{"href":"https:\/\/ecogestion-legt.enseigne.ac-lyon.fr\/legt\/wp-json\/wp\/v2\/posts\/22735","targetHints":{"allow":["GET"]}}],"collection":[{"href":"https:\/\/ecogestion-legt.enseigne.ac-lyon.fr\/legt\/wp-json\/wp\/v2\/posts"}],"about":[{"href":"https:\/\/ecogestion-legt.enseigne.ac-lyon.fr\/legt\/wp-json\/wp\/v2\/types\/post"}],"author":[{"embeddable":true,"href":"https:\/\/ecogestion-legt.enseigne.ac-lyon.fr\/legt\/wp-json\/wp\/v2\/users\/75"}],"replies":[{"embeddable":true,"href":"https:\/\/ecogestion-legt.enseigne.ac-lyon.fr\/legt\/wp-json\/wp\/v2\/comments?post=22735"}],"version-history":[{"count":6,"href":"https:\/\/ecogestion-legt.enseigne.ac-lyon.fr\/legt\/wp-json\/wp\/v2\/posts\/22735\/revisions"}],"predecessor-version":[{"id":22773,"href":"https:\/\/ecogestion-legt.enseigne.ac-lyon.fr\/legt\/wp-json\/wp\/v2\/posts\/22735\/revisions\/22773"}],"wp:featuredmedia":[{"embeddable":true,"href":"https:\/\/ecogestion-legt.enseigne.ac-lyon.fr\/legt\/wp-json\/wp\/v2\/media\/22714"}],"wp:attachment":[{"href":"https:\/\/ecogestion-legt.enseigne.ac-lyon.fr\/legt\/wp-json\/wp\/v2\/media?parent=22735"}],"wp:term":[{"taxonomy":"category","embeddable":true,"href":"https:\/\/ecogestion-legt.enseigne.ac-lyon.fr\/legt\/wp-json\/wp\/v2\/categories?post=22735"},{"taxonomy":"post_tag","embeddable":true,"href":"https:\/\/ecogestion-legt.enseigne.ac-lyon.fr\/legt\/wp-json\/wp\/v2\/tags?post=22735"}],"curies":[{"name":"wp","href":"https:\/\/api.w.org\/{rel}","templated":true}]}}