
{"id":22601,"date":"2024-12-16T11:35:00","date_gmt":"2024-12-16T10:35:00","guid":{"rendered":"https:\/\/ecogestion-legt.enseigne.ac-lyon.fr\/legt\/?p=22601&#038;preview=true&#038;preview_id=22601"},"modified":"2024-12-16T11:36:07","modified_gmt":"2024-12-16T10:36:07","slug":"parcoursup-2025-des-evolutions-importantes-pour-un-accompagnement-renforce-des-lyceens-et-de-leur-famille","status":"publish","type":"post","link":"https:\/\/ecogestion-legt.enseigne.ac-lyon.fr\/legt\/parcoursup-2025-des-evolutions-importantes-pour-un-accompagnement-renforce-des-lyceens-et-de-leur-famille\/","title":{"rendered":"\u00c9coGest Lyon : Parcoursup 2025 : des \u00e9volutions importantes pour un accompagnement renforc\u00e9 des lyc\u00e9ens et de leur famille"},"content":{"rendered":"<p>Apr\u00e8s les am\u00e9liorations introduites en 2024, Parcoursup franchit une nouvelle \u00e9tape importante en 2025, sous l\u2019impulsion du minist\u00e8re de l\u2019Enseignement sup\u00e9rieur et de la Recherche et du minist\u00e8re de l\u2019\u00c9ducation nationale, en se dotant de nouvelles fonctionnalit\u00e9s. Ces nouveaut\u00e9s visent \u00e0 offrir un accompagnement toujours plus adapt\u00e9 aux jeunes et \u00e0 leur famille, en leur permettant de faire des choix d\u2019\u00e9tudes \u00e9clair\u00e9s, en lien avec leurs aspirations et la r\u00e9alit\u00e9 des d\u00e9bouch\u00e9s professionnels.<\/p>\n<p>Parcoursup 2025 : des \u00e9volutions importantes pour un accompagnement renforc\u00e9 des lyc\u00e9ens et de leur famille | Minist\u00e8re de l&rsquo;Education Nationale<\/p>\n<p>&nbsp;<\/p>\n","protected":false},"excerpt":{"rendered":"<p>Apr\u00e8s les am\u00e9liorations introduites en 2024, Parcoursup franchit une nouvelle \u00e9tape importante en 2025, sous l\u2019impulsion du minist\u00e8re de l\u2019Enseignement sup\u00e9rieur et de la Recherche et du minist\u00e8re de l\u2019\u00c9ducation nationale, en se dotant de nouvelles fonctionnalit\u00e9s. Ces nouveaut\u00e9s visent \u00e0 offrir un accompagnement toujours plus adapt\u00e9 aux jeunes et \u00e0 leur famille, en leur [&hellip;]<\/p>\n","protected":false},"author":17,"featured_media":0,"comment_status":"closed","ping_status":"open","sticky":false,"template":"","format":"standard","meta":{"footnotes":""},"categories":[12],"tags":[558,573,693,493],"class_list":["post-22601","post","type-post","status-publish","format-standard","hentry","category-flashs","tag-ecogest","tag-economie-et-gestion","tag-parcoursup","tag-orientation"],"_links":{"self":[{"href":"https:\/\/ecogestion-legt.enseigne.ac-lyon.fr\/legt\/wp-json\/wp\/v2\/posts\/22601","targetHints":{"allow":["GET"]}}],"collection":[{"href":"https:\/\/ecogestion-legt.enseigne.ac-lyon.fr\/legt\/wp-json\/wp\/v2\/posts"}],"about":[{"href":"https:\/\/ecogestion-legt.enseigne.ac-lyon.fr\/legt\/wp-json\/wp\/v2\/types\/post"}],"author":[{"embeddable":true,"href":"https:\/\/ecogestion-legt.enseigne.ac-lyon.fr\/legt\/wp-json\/wp\/v2\/users\/17"}],"replies":[{"embeddable":true,"href":"https:\/\/ecogestion-legt.enseigne.ac-lyon.fr\/legt\/wp-json\/wp\/v2\/comments?post=22601"}],"version-history":[{"count":1,"href":"https:\/\/ecogestion-legt.enseigne.ac-lyon.fr\/legt\/wp-json\/wp\/v2\/posts\/22601\/revisions"}],"predecessor-version":[{"id":22602,"href":"https:\/\/ecogestion-legt.enseigne.ac-lyon.fr\/legt\/wp-json\/wp\/v2\/posts\/22601\/revisions\/22602"}],"wp:attachment":[{"href":"https:\/\/ecogestion-legt.enseigne.ac-lyon.fr\/legt\/wp-json\/wp\/v2\/media?parent=22601"}],"wp:term":[{"taxonomy":"category","embeddable":true,"href":"https:\/\/ecogestion-legt.enseigne.ac-lyon.fr\/legt\/wp-json\/wp\/v2\/categories?post=22601"},{"taxonomy":"post_tag","embeddable":true,"href":"https:\/\/ecogestion-legt.enseigne.ac-lyon.fr\/legt\/wp-json\/wp\/v2\/tags?post=22601"}],"curies":[{"name":"wp","href":"https:\/\/api.w.org\/{rel}","templated":true}]}}