
{"id":22552,"date":"2024-12-09T11:00:30","date_gmt":"2024-12-09T10:00:30","guid":{"rendered":"https:\/\/ecogestion-legt.enseigne.ac-lyon.fr\/legt\/?p=22552&#038;preview=true&#038;preview_id=22552"},"modified":"2024-12-09T15:22:51","modified_gmt":"2024-12-09T14:22:51","slug":"deux-information-pour-cette-semaine-les-actions-de-decouverte-du-monde-economique-et-professionnel-et-le-salon-de-letudiant","status":"publish","type":"post","link":"https:\/\/ecogestion-legt.enseigne.ac-lyon.fr\/legt\/deux-information-pour-cette-semaine-les-actions-de-decouverte-du-monde-economique-et-professionnel-et-le-salon-de-letudiant\/","title":{"rendered":"\u00c9coGest Lyon : Deux informations pour cette semaine : Les actions de d\u00e9couverte du monde \u00e9conomique et professionnel  et le Salon de l\u2019\u00c9tudiant"},"content":{"rendered":"<h2>Les actions de d\u00e9couverte du monde \u00e9conomique et professionnel<\/h2>\n<p>&nbsp;<\/p>\n<p>Les actions de d\u00e9couverte du monde \u00e9conomique et professionnel permettent aux \u00e9l\u00e8ves d&rsquo;appr\u00e9hender la diversit\u00e9 des m\u00e9tiers et des formations et les aident \u00e0 \u00e9laborer leur projet d&rsquo;orientation scolaire et professionnelle.<\/p>\n<p><a href=\"https:\/\/eduscol.education.fr\/821\/decouverte-du-monde-professionnel\" target=\"_blank\" rel=\"noopener\">D\u00e9couverte du monde professionnel | \u00e9duscol | Minist\u00e8re de l&rsquo;Education Nationale| Direction g\u00e9n\u00e9rale de l&rsquo;enseignement scolaire<\/a><\/p>\n<h2>Le Salon de l\u2019\u00c9tudiant s&rsquo;annonce du 10 janvier 2025 au 12 janvier 2025 de 9:00 \u00e0 17:00 \u00e0 Eurexpo.<\/h2>\n<p>&nbsp;<\/p>\n<p>L&rsquo;organisation des stands a chang\u00e9.<\/p>\n<p>&nbsp;<\/p>\n<p>En plus des modifications apport\u00e9es l&rsquo;an dernier (plaquettes \u00e9tablissements&#8230;), il n&rsquo;y aura que trois plateaux :<\/p>\n<p>&#8211; BTS et formations diverses (DCG, IMRT&#8230;)<\/p>\n<p>&#8211; Pr\u00e9pas<\/p>\n<p>&#8211; Art : Martini\u00e8re Diderot<\/p>\n<p>&nbsp;<\/p>\n<p>Le plateau BTS, le plus imposant, aura une fa\u00e7ade \u00ab\u00a0Industriels et Production\u00a0\u00bb et une fa\u00e7ade \u00ab\u00a0Tertiaire et Services\u00a0\u00bb. Le groupement des BTS a d\u00fb totalement changer, principalement pour le tertiaire, qui se voient ajouter la partie \u00ab\u00a0services \u00e0 la personne\u00a0\u00bb. Elle \u00e9tait avant dans une alc\u00f4ve de la partie \u00ab\u00a0Industriels\u00a0\u00bb. Le d\u00e9coupage des formations de la division des examens a \u00e9t\u00e9 utilis\u00e9 pour faire cette r\u00e9organisation. Chaque BTS a \u00e9t\u00e9 rassembl\u00e9 dans une groupe \u00ab\u00a0P\u00f4le\u00a0\u00bb afin de pouvoir les distinguer par \u00ab\u00a0cat\u00e9gorie de m\u00e9tiers\u00a0\u00bb.<\/p>\n<p>&nbsp;<\/p>\n<p>Le tableau en ligne vous pr\u00e9sente l&rsquo;organisation de la fa\u00e7ade tertiaire et vous indique les plages de permanences disponibles.<\/p>\n<p>&nbsp;<\/p>\n<p>Lien d&rsquo;acc\u00e8s <a href=\"https:\/\/1drv.ms\/x\/c\/a254875d8d8255db\/EXHiHW0VUMhGrI3YLe-3K48BTqENI7EAniFTDVg5qhacZQ?e=GZdRjp\" target=\"_blank\" rel=\"noopener\">: https:\/\/www.dropbox.com\/scl\/fi\/wgo6qj0tj4k8cskrr8k9c\/Permanences-Salon-2025.xlsx?rlkey=ax9dwruzo992u8js3hmausiua&amp;st=h8b0b9yc&amp;dl=0<\/a><\/p>\n<p>&nbsp;<\/p>\n<p>Les contremarques de parking permettant le stationnement gratuitement sont en nombre limit\u00e9.<\/p>\n<p>Le principe est d&rsquo;octroyer des contremarques aux personnes venant de loin, sans possibilit\u00e9 d&rsquo;utilisation des transports en commun, restant toute la journ\u00e9e ou \u00e9tant porteur de handicap.<\/p>\n<p>Les personnes entrant dans l&rsquo;une de ces cat\u00e9gories, peuvent m&rsquo;envoyer un mail afin que je acte la r\u00e9servation nominative.<\/p>\n<p>&nbsp;<\/p>\n<p>Elles sont \u00e0 retirer aupr\u00e8s du stand SIAO \u00e0 l&rsquo;entr\u00e9e de hall d&rsquo;exposition.<\/p>\n<p>&nbsp;<\/p>\n<p>RAPPELS<\/p>\n<p>&#8211; les \u00e9tablissements peuvent apporter leurs propres plaquettes de formations. Si vous le souhaitez, vous pouvez me les transmettre pour qu&rsquo;elles soient diffus\u00e9es aussi de fa\u00e7on num\u00e9rique par un QRcode qui sera accessible au salon<\/p>\n<p>&#8211; les badges pourront porter le nom de votre \u00e9tablissement et votre nom<\/p>\n<p>&nbsp;<\/p>\n<p>Le r\u00e9f\u00e9rent missionn\u00e9 par le corps d\u2019inspection est le DDFPT de La Martini\u00e8re Duch\u00e8re Florent.Geniller. Ne pas h\u00e9siter \u00e0 le contacter directement pour tout besoin d\u2019information \u00e0 l\u2019adresse suivante Florent GENILLER SONTHONNAX florent.geniller@ac-lyon.fr<\/p>\n<p>&nbsp;<\/p>\n<p>&nbsp;<\/p>\n<p>&nbsp;<\/p>\n<p>&nbsp;<\/p>\n<p>&nbsp;<\/p>\n<p>&nbsp;<\/p>\n","protected":false},"excerpt":{"rendered":"<p>Les actions de d\u00e9couverte du monde \u00e9conomique et professionnel &nbsp; Les actions de d\u00e9couverte du monde \u00e9conomique et professionnel permettent aux \u00e9l\u00e8ves d&rsquo;appr\u00e9hender la diversit\u00e9 des m\u00e9tiers et des formations et les aident \u00e0 \u00e9laborer leur projet d&rsquo;orientation scolaire et professionnelle. D\u00e9couverte du monde professionnel | \u00e9duscol | Minist\u00e8re de l&rsquo;Education Nationale| Direction g\u00e9n\u00e9rale de [&hellip;]<\/p>\n","protected":false},"author":17,"featured_media":0,"comment_status":"closed","ping_status":"open","sticky":false,"template":"","format":"standard","meta":{"footnotes":""},"categories":[12],"tags":[493,558,573,780],"class_list":["post-22552","post","type-post","status-publish","format-standard","hentry","category-flashs","tag-orientation","tag-ecogest","tag-economie-et-gestion","tag-salon-de-letudiant"],"_links":{"self":[{"href":"https:\/\/ecogestion-legt.enseigne.ac-lyon.fr\/legt\/wp-json\/wp\/v2\/posts\/22552","targetHints":{"allow":["GET"]}}],"collection":[{"href":"https:\/\/ecogestion-legt.enseigne.ac-lyon.fr\/legt\/wp-json\/wp\/v2\/posts"}],"about":[{"href":"https:\/\/ecogestion-legt.enseigne.ac-lyon.fr\/legt\/wp-json\/wp\/v2\/types\/post"}],"author":[{"embeddable":true,"href":"https:\/\/ecogestion-legt.enseigne.ac-lyon.fr\/legt\/wp-json\/wp\/v2\/users\/17"}],"replies":[{"embeddable":true,"href":"https:\/\/ecogestion-legt.enseigne.ac-lyon.fr\/legt\/wp-json\/wp\/v2\/comments?post=22552"}],"version-history":[{"count":4,"href":"https:\/\/ecogestion-legt.enseigne.ac-lyon.fr\/legt\/wp-json\/wp\/v2\/posts\/22552\/revisions"}],"predecessor-version":[{"id":22567,"href":"https:\/\/ecogestion-legt.enseigne.ac-lyon.fr\/legt\/wp-json\/wp\/v2\/posts\/22552\/revisions\/22567"}],"wp:attachment":[{"href":"https:\/\/ecogestion-legt.enseigne.ac-lyon.fr\/legt\/wp-json\/wp\/v2\/media?parent=22552"}],"wp:term":[{"taxonomy":"category","embeddable":true,"href":"https:\/\/ecogestion-legt.enseigne.ac-lyon.fr\/legt\/wp-json\/wp\/v2\/categories?post=22552"},{"taxonomy":"post_tag","embeddable":true,"href":"https:\/\/ecogestion-legt.enseigne.ac-lyon.fr\/legt\/wp-json\/wp\/v2\/tags?post=22552"}],"curies":[{"name":"wp","href":"https:\/\/api.w.org\/{rel}","templated":true}]}}