
{"id":22437,"date":"2024-12-02T08:32:02","date_gmt":"2024-12-02T07:32:02","guid":{"rendered":"https:\/\/ecogestion-legt.enseigne.ac-lyon.fr\/legt\/?p=22437&#038;preview=true&#038;preview_id=22437"},"modified":"2024-12-02T08:41:30","modified_gmt":"2024-12-02T07:41:30","slug":"concertation-nationale-vers-une-orientation-reussie","status":"publish","type":"post","link":"https:\/\/ecogestion-legt.enseigne.ac-lyon.fr\/legt\/concertation-nationale-vers-une-orientation-reussie\/","title":{"rendered":"\u00c9coGest Lyon : Concertation nationale : vers une orientation r\u00e9ussie"},"content":{"rendered":"<ul>\n<li>Faire de la politique d\u2019orientation un levier de r\u00e9ussite et d\u2019\u00e9galit\u00e9 des chances<\/li>\n<li>Permettre aux \u00e9l\u00e8ves de faire des choix \u00e9clair\u00e9s pour leur avenir<\/li>\n<\/ul>\n<p>La concertation nationale sur l\u2019orientation se d\u00e9roulera partout en France et concernera l\u2019orientation \u00e0 la fois au coll\u00e8ge et au lyc\u00e9e. Organis\u00e9e au niveau national et acad\u00e9mique, elle permettra de formuler des propositions concr\u00e8tes en associant tous les acteurs : \u00c9ducation nationale, Enseignement sup\u00e9rieur, r\u00e9gions, \u00e9l\u00e8ves et parents d\u2019\u00e9l\u00e8ves, acteurs \u00e9conomiques, Onisep, etc.<\/p>\n<p><a href=\"https:\/\/www.education.gouv.fr\/concertation-nationale-sur-l-orientation-415913\" target=\"_blank\" rel=\"noopener\">https:\/\/www.education.gouv.fr\/concertation-nationale-sur-l-orientation-415913<\/a><\/p>\n<p>&nbsp;<\/p>\n<p>&nbsp;<\/p>\n<p>&nbsp;<\/p>\n<p>&nbsp;<\/p>\n<p>&nbsp;<\/p>\n","protected":false},"excerpt":{"rendered":"<p>Faire de la politique d\u2019orientation un levier de r\u00e9ussite et d\u2019\u00e9galit\u00e9 des chances Permettre aux \u00e9l\u00e8ves de faire des choix \u00e9clair\u00e9s pour leur avenir La concertation nationale sur l\u2019orientation se d\u00e9roulera partout en France et concernera l\u2019orientation \u00e0 la fois au coll\u00e8ge et au lyc\u00e9e. Organis\u00e9e au niveau national et acad\u00e9mique, elle permettra de formuler [&hellip;]<\/p>\n","protected":false},"author":17,"featured_media":0,"comment_status":"closed","ping_status":"open","sticky":false,"template":"","format":"standard","meta":{"footnotes":""},"categories":[12],"tags":[493,558,573],"class_list":["post-22437","post","type-post","status-publish","format-standard","hentry","category-flashs","tag-orientation","tag-ecogest","tag-economie-et-gestion"],"_links":{"self":[{"href":"https:\/\/ecogestion-legt.enseigne.ac-lyon.fr\/legt\/wp-json\/wp\/v2\/posts\/22437","targetHints":{"allow":["GET"]}}],"collection":[{"href":"https:\/\/ecogestion-legt.enseigne.ac-lyon.fr\/legt\/wp-json\/wp\/v2\/posts"}],"about":[{"href":"https:\/\/ecogestion-legt.enseigne.ac-lyon.fr\/legt\/wp-json\/wp\/v2\/types\/post"}],"author":[{"embeddable":true,"href":"https:\/\/ecogestion-legt.enseigne.ac-lyon.fr\/legt\/wp-json\/wp\/v2\/users\/17"}],"replies":[{"embeddable":true,"href":"https:\/\/ecogestion-legt.enseigne.ac-lyon.fr\/legt\/wp-json\/wp\/v2\/comments?post=22437"}],"version-history":[{"count":1,"href":"https:\/\/ecogestion-legt.enseigne.ac-lyon.fr\/legt\/wp-json\/wp\/v2\/posts\/22437\/revisions"}],"predecessor-version":[{"id":22438,"href":"https:\/\/ecogestion-legt.enseigne.ac-lyon.fr\/legt\/wp-json\/wp\/v2\/posts\/22437\/revisions\/22438"}],"wp:attachment":[{"href":"https:\/\/ecogestion-legt.enseigne.ac-lyon.fr\/legt\/wp-json\/wp\/v2\/media?parent=22437"}],"wp:term":[{"taxonomy":"category","embeddable":true,"href":"https:\/\/ecogestion-legt.enseigne.ac-lyon.fr\/legt\/wp-json\/wp\/v2\/categories?post=22437"},{"taxonomy":"post_tag","embeddable":true,"href":"https:\/\/ecogestion-legt.enseigne.ac-lyon.fr\/legt\/wp-json\/wp\/v2\/tags?post=22437"}],"curies":[{"name":"wp","href":"https:\/\/api.w.org\/{rel}","templated":true}]}}