
{"id":22401,"date":"2024-11-24T23:30:25","date_gmt":"2024-11-24T22:30:25","guid":{"rendered":"https:\/\/ecogestion-legt.enseigne.ac-lyon.fr\/legt\/?p=22401&#038;preview=true&#038;preview_id=22401"},"modified":"2024-11-24T23:38:15","modified_gmt":"2024-11-24T22:38:15","slug":"demarche-de-projet-cnr-nefle-site-dinformation-sur-la-demarche-apres-connexion-a-magistere","status":"publish","type":"post","link":"https:\/\/ecogestion-legt.enseigne.ac-lyon.fr\/legt\/demarche-de-projet-cnr-nefle-site-dinformation-sur-la-demarche-apres-connexion-a-magistere\/","title":{"rendered":"\u00c9coGest Lyon : D\u00e9marche de projet CNR NEFLE : site d\u2019information sur la d\u00e9marche (apr\u00e8s connexion \u00e0 Magist\u00e8re)"},"content":{"rendered":"<p>D\u00e9marche de projet CNR NEFLE.<\/p>\n<p>site d\u2019information sur la d\u00e9marche (apr\u00e8s connexion \u00e0 Magist\u00e8re)<\/p>\n<p><a href=\"https:\/\/magistere.education.fr\/dgesco\/course\/view.php?id=2867\" target=\"_blank\" rel=\"noopener\">Parcours : Notre \u00e9cole, faisons-la ensemble.\u00a0<\/a><\/p>\n<p>Compte tenu des contraintes budg\u00e9taires inh\u00e9rentes \u00e0 la situation conjoncturelle actuelle, les financements des nouveaux projets d\u00e9pos\u00e9s dans le cadre de la d\u00e9marche CNR NEFLE sont pour l\u2019instant suspendus.<\/p>\n<p>Seuls les projets qui avaient d\u00e9j\u00e0 \u00e9t\u00e9 valid\u00e9s en commission de financement sont financ\u00e9s selon des modalit\u00e9s qui seront pr\u00e9cis\u00e9es par le secr\u00e9taire g\u00e9n\u00e9ral d\u2019acad\u00e9mie.<\/p>\n<p>Les nouveaux projets restent accompagn\u00e9s par les Groupes d\u00e9partementaux d\u2019appuis et par le d\u00e9partement innovation de l\u2019EAFC mais ils ne passeront en commission de financement qu\u2019\u00e0 partir du mois de mars 2025.<\/p>\n<p>Dans l\u2019attente une vaste op\u00e9ration d\u2019\u00e9valuation des 350 projets d\u00e9j\u00e0 financ\u00e9s est en cours afin de recueillir des donn\u00e9es sur l\u2019impact notamment sur les champs de la performance scolaire, des pratiques p\u00e9dagogiques, du climat scolaire et de la r\u00e9ussite. Le CARDIE (jean-charles Diry IA-IPR) et le trin\u00f4me acad\u00e9mique en responsabilit\u00e9 de ce dossier (Nicolas Magnin, Catherine Gervais et Jean-Charles Diry) coordonnent cette op\u00e9ration.<\/p>\n<p>&nbsp;<\/p>\n<p>&nbsp;<\/p>\n<p>&nbsp;<\/p>\n<p>&nbsp;<\/p>\n<p>&nbsp;<\/p>\n<p>&nbsp;<\/p>\n","protected":false},"excerpt":{"rendered":"<p>D\u00e9marche de projet CNR NEFLE. site d\u2019information sur la d\u00e9marche (apr\u00e8s connexion \u00e0 Magist\u00e8re) Parcours : Notre \u00e9cole, faisons-la ensemble.\u00a0 Compte tenu des contraintes budg\u00e9taires inh\u00e9rentes \u00e0 la situation conjoncturelle actuelle, les financements des nouveaux projets d\u00e9pos\u00e9s dans le cadre de la d\u00e9marche CNR NEFLE sont pour l\u2019instant suspendus. Seuls les projets qui avaient d\u00e9j\u00e0 [&hellip;]<\/p>\n","protected":false},"author":17,"featured_media":0,"comment_status":"closed","ping_status":"open","sticky":false,"template":"","format":"standard","meta":{"footnotes":""},"categories":[12],"tags":[558,573],"class_list":["post-22401","post","type-post","status-publish","format-standard","hentry","category-flashs","tag-ecogest","tag-economie-et-gestion"],"_links":{"self":[{"href":"https:\/\/ecogestion-legt.enseigne.ac-lyon.fr\/legt\/wp-json\/wp\/v2\/posts\/22401","targetHints":{"allow":["GET"]}}],"collection":[{"href":"https:\/\/ecogestion-legt.enseigne.ac-lyon.fr\/legt\/wp-json\/wp\/v2\/posts"}],"about":[{"href":"https:\/\/ecogestion-legt.enseigne.ac-lyon.fr\/legt\/wp-json\/wp\/v2\/types\/post"}],"author":[{"embeddable":true,"href":"https:\/\/ecogestion-legt.enseigne.ac-lyon.fr\/legt\/wp-json\/wp\/v2\/users\/17"}],"replies":[{"embeddable":true,"href":"https:\/\/ecogestion-legt.enseigne.ac-lyon.fr\/legt\/wp-json\/wp\/v2\/comments?post=22401"}],"version-history":[{"count":1,"href":"https:\/\/ecogestion-legt.enseigne.ac-lyon.fr\/legt\/wp-json\/wp\/v2\/posts\/22401\/revisions"}],"predecessor-version":[{"id":22402,"href":"https:\/\/ecogestion-legt.enseigne.ac-lyon.fr\/legt\/wp-json\/wp\/v2\/posts\/22401\/revisions\/22402"}],"wp:attachment":[{"href":"https:\/\/ecogestion-legt.enseigne.ac-lyon.fr\/legt\/wp-json\/wp\/v2\/media?parent=22401"}],"wp:term":[{"taxonomy":"category","embeddable":true,"href":"https:\/\/ecogestion-legt.enseigne.ac-lyon.fr\/legt\/wp-json\/wp\/v2\/categories?post=22401"},{"taxonomy":"post_tag","embeddable":true,"href":"https:\/\/ecogestion-legt.enseigne.ac-lyon.fr\/legt\/wp-json\/wp\/v2\/tags?post=22401"}],"curies":[{"name":"wp","href":"https:\/\/api.w.org\/{rel}","templated":true}]}}