
{"id":22362,"date":"2024-11-15T18:49:32","date_gmt":"2024-11-15T17:49:32","guid":{"rendered":"https:\/\/ecogestion-legt.enseigne.ac-lyon.fr\/legt\/?p=22362&#038;preview=true&#038;preview_id=22362"},"modified":"2024-11-15T19:08:53","modified_gmt":"2024-11-15T18:08:53","slug":"la-deuxieme-edition-de-la-semaine-du-numerique-et-des-sciences-informatiques-se-deroulera-du-2-au-7-decembre-2024","status":"publish","type":"post","link":"https:\/\/ecogestion-legt.enseigne.ac-lyon.fr\/legt\/la-deuxieme-edition-de-la-semaine-du-numerique-et-des-sciences-informatiques-se-deroulera-du-2-au-7-decembre-2024\/","title":{"rendered":"\u00c9coGest Lyon : La deuxi\u00e8me \u00e9dition de la \u00ab semaine du num\u00e9rique et des sciences informatiques \u00bb se d\u00e9roulera du 2 au 7 d\u00e9cembre "},"content":{"rendered":"<p>La deuxi\u00e8me \u00e9dition de la <strong>\u00ab semaine du num\u00e9rique et des sciences informatiques \u00bb<\/strong> se d\u00e9roulera <strong>du 2 au 7 d\u00e9cembre 2024<\/strong>. Temps fort d\u00e9di\u00e9 \u00e0 la d\u00e9couverte des formations et des m\u00e9tiers du num\u00e9rique, cet \u00e9v\u00e9nement s\u2019inscrit dans un contexte o\u00f9 tous les secteurs \u00e9conomiques et de la soci\u00e9t\u00e9 sont touch\u00e9s par un d\u00e9ficit en comp\u00e9tences num\u00e9riques. Il vise \u00e0 susciter des vocations et s\u2019int\u00e8gre pleinement au programme d\u2019actions organis\u00e9es dans les \u00e9tablissements scolaires au service de la r\u00e9flexion des coll\u00e9giens et lyc\u00e9ens concernant leur parcours de formation et leur projet d\u2019orientation. La rencontre de femmes et d\u2019hommes sur le terrain, mise en \u0153uvre dans le cadre de cet \u00e9v\u00e9nement, permet \u00e9galement de lutter contre les st\u00e9r\u00e9otypes et les id\u00e9es re\u00e7ues et de valoriser la mixit\u00e9.<\/p>\n<p>La Semaine du num\u00e9rique et des sciences informatiques b\u00e9n\u00e9ficie du soutien affirm\u00e9 du minist\u00e8re de l\u2019\u00e9ducation nationale, du minist\u00e8re de l\u2019enseignement sup\u00e9rieur et de la recherche et du minist\u00e8re de l&rsquo;\u00e9conomie, des finances et de l\u2019industrie. Elle est pilot\u00e9e par l\u2019association Talents du num\u00e9rique (TDN) avec un comit\u00e9 regroupant la DGESCO, l\u2019Inspection g\u00e9n\u00e9rale de l\u2019\u00e9ducation, du sport et de la recherche (IG\u00c9SR), l&rsquo;Onisep et de nombreuses organisations.<\/p>\n<p>Le site d\u00e9di\u00e9 \u00e0 cette action, <a href=\"https:\/\/www.semaine-nsi.fr\/\" target=\"_blank\" rel=\"noopener\">https:\/\/www.semaine-nsi.fr\/<\/a> permet aux acteurs locaux de l\u2019\u00e9cosyst\u00e8me num\u00e9rique, aux conseils r\u00e9gionaux, aux \u00e9tablissements scolaires ou du sup\u00e9rieur, aux laboratoires ou centres de recherche de faire conna\u00eetre les \u00e9v\u00e9nements qu\u2019ils proposent gratuitement : visites d\u2019entreprises, journ\u00e9es portes ouvertes, d\u00e9monstrations d&rsquo;outils, ateliers pratiques, interventions dans les lyc\u00e9es et les coll\u00e8ges, t\u00e9moignages, forum des m\u00e9tiers, salon d&rsquo;orientation, conf\u00e9rences, expositions, webinaires\u2026 Les enseignants de NSI ayant inscrit des \u00e9quipes aux Troph\u00e9es NSI sont invit\u00e9s \u00e0 se saisir de cette semaine pour pr\u00e9senter et valoriser le travail de leurs \u00e9l\u00e8ves. Tous les \u00e9v\u00e9nements seront soumis \u00e0 validation avant d\u2019\u00eatre r\u00e9f\u00e9renc\u00e9s sur la plateforme administr\u00e9e par Talents du num\u00e9rique. La richesse des \u00e9v\u00e8nements propos\u00e9s dans un territoire est le premier garant de r\u00e9ussite de cette action. D\u00e8s \u00e0 pr\u00e9sent, les chefs d\u2019\u00e9tablissement sont invit\u00e9s \u00e0 inscrire cette semaine dans la programmation annuelle 2024\/2025 de leur \u00e9tablissement, \u00e0 la promouvoir aupr\u00e8s des \u00e9l\u00e8ves et \u00e0 associer les parents \u00e0 cette dynamique.<\/p>\n<p>&nbsp;<\/p>\n<p>&nbsp;<\/p>\n<p>&nbsp;<\/p>\n<p>&nbsp;<\/p>\n<p>&nbsp;<\/p>\n","protected":false},"excerpt":{"rendered":"<p>La deuxi\u00e8me \u00e9dition de la \u00ab semaine du num\u00e9rique et des sciences informatiques \u00bb se d\u00e9roulera du 2 au 7 d\u00e9cembre 2024. Temps fort d\u00e9di\u00e9 \u00e0 la d\u00e9couverte des formations et des m\u00e9tiers du num\u00e9rique, cet \u00e9v\u00e9nement s\u2019inscrit dans un contexte o\u00f9 tous les secteurs \u00e9conomiques et de la soci\u00e9t\u00e9 sont touch\u00e9s par un d\u00e9ficit [&hellip;]<\/p>\n","protected":false},"author":17,"featured_media":0,"comment_status":"closed","ping_status":"open","sticky":false,"template":"","format":"standard","meta":{"footnotes":""},"categories":[12],"tags":[558,573],"class_list":["post-22362","post","type-post","status-publish","format-standard","hentry","category-flashs","tag-ecogest","tag-economie-et-gestion"],"_links":{"self":[{"href":"https:\/\/ecogestion-legt.enseigne.ac-lyon.fr\/legt\/wp-json\/wp\/v2\/posts\/22362","targetHints":{"allow":["GET"]}}],"collection":[{"href":"https:\/\/ecogestion-legt.enseigne.ac-lyon.fr\/legt\/wp-json\/wp\/v2\/posts"}],"about":[{"href":"https:\/\/ecogestion-legt.enseigne.ac-lyon.fr\/legt\/wp-json\/wp\/v2\/types\/post"}],"author":[{"embeddable":true,"href":"https:\/\/ecogestion-legt.enseigne.ac-lyon.fr\/legt\/wp-json\/wp\/v2\/users\/17"}],"replies":[{"embeddable":true,"href":"https:\/\/ecogestion-legt.enseigne.ac-lyon.fr\/legt\/wp-json\/wp\/v2\/comments?post=22362"}],"version-history":[{"count":1,"href":"https:\/\/ecogestion-legt.enseigne.ac-lyon.fr\/legt\/wp-json\/wp\/v2\/posts\/22362\/revisions"}],"predecessor-version":[{"id":22363,"href":"https:\/\/ecogestion-legt.enseigne.ac-lyon.fr\/legt\/wp-json\/wp\/v2\/posts\/22362\/revisions\/22363"}],"wp:attachment":[{"href":"https:\/\/ecogestion-legt.enseigne.ac-lyon.fr\/legt\/wp-json\/wp\/v2\/media?parent=22362"}],"wp:term":[{"taxonomy":"category","embeddable":true,"href":"https:\/\/ecogestion-legt.enseigne.ac-lyon.fr\/legt\/wp-json\/wp\/v2\/categories?post=22362"},{"taxonomy":"post_tag","embeddable":true,"href":"https:\/\/ecogestion-legt.enseigne.ac-lyon.fr\/legt\/wp-json\/wp\/v2\/tags?post=22362"}],"curies":[{"name":"wp","href":"https:\/\/api.w.org\/{rel}","templated":true}]}}