
{"id":22260,"date":"2024-10-31T13:48:42","date_gmt":"2024-10-31T12:48:42","guid":{"rendered":"https:\/\/ecogestion-legt.enseigne.ac-lyon.fr\/legt\/?p=22260&#038;preview=true&#038;preview_id=22260"},"modified":"2024-10-31T13:50:26","modified_gmt":"2024-10-31T12:50:26","slug":"un-plan-interministeriel-est-mis-en-place-pour-deployer-n-bouclier-autour-de-lecole-et-garantir-la-securite-des-eleves-des-personnels-et-des-etablissements-scolaires","status":"publish","type":"post","link":"https:\/\/ecogestion-legt.enseigne.ac-lyon.fr\/legt\/un-plan-interministeriel-est-mis-en-place-pour-deployer-n-bouclier-autour-de-lecole-et-garantir-la-securite-des-eleves-des-personnels-et-des-etablissements-scolaires\/","title":{"rendered":"\u00c9coGest Lyon : Un plan interminist\u00e9riel est mis en place pour d\u00e9ployer n bouclier autour de l&rsquo;\u00e9cole et garantir la s\u00e9curit\u00e9 des \u00e9l\u00e8ves, des personnels et des \u00e9tablissements scolaires."},"content":{"rendered":"<p>Face \u00e0 toutes les formes de violences qui traversent notre soci\u00e9t\u00e9, l\u2019\u00c9cole doit rester un sanctuaire r\u00e9publicain, au sein duquel la s\u00e9curit\u00e9 de chacun \u2013 \u00e9l\u00e8ve, professeur, personnel de direction, agent administratif ou encore intervenant \u2013 doit \u00eatre assur\u00e9e en permanence. Un plan interminist\u00e9riel est mis en place pour d\u00e9ployer un bouclier autour de l&rsquo;\u00e9cole et garantir la s\u00e9curit\u00e9 des \u00e9l\u00e8ves, des personnels et des \u00e9tablissements scolaires.<\/p>\n<p><a href=\"https:\/\/www.education.gouv.fr\/plan-ministeriel-pour-la-securite-des-eleves-des-personnels-et-des-etablissements-scolaires-414081\">Plan minist\u00e9riel pour la s\u00e9curit\u00e9 des \u00e9l\u00e8ves, des personnels et des \u00e9tablissements scolaires | Minist\u00e8re de l&rsquo;Education Nationale<\/a><\/p>\n<p>&nbsp;<\/p>\n<p>&nbsp;<\/p>\n<p>&nbsp;<\/p>\n","protected":false},"excerpt":{"rendered":"<p>Face \u00e0 toutes les formes de violences qui traversent notre soci\u00e9t\u00e9, l\u2019\u00c9cole doit rester un sanctuaire r\u00e9publicain, au sein duquel la s\u00e9curit\u00e9 de chacun \u2013 \u00e9l\u00e8ve, professeur, personnel de direction, agent administratif ou encore intervenant \u2013 doit \u00eatre assur\u00e9e en permanence. Un plan interminist\u00e9riel est mis en place pour d\u00e9ployer un bouclier autour de l&rsquo;\u00e9cole [&hellip;]<\/p>\n","protected":false},"author":17,"featured_media":0,"comment_status":"closed","ping_status":"open","sticky":false,"template":"","format":"standard","meta":{"footnotes":""},"categories":[12],"tags":[558,573],"class_list":["post-22260","post","type-post","status-publish","format-standard","hentry","category-flashs","tag-ecogest","tag-economie-et-gestion"],"_links":{"self":[{"href":"https:\/\/ecogestion-legt.enseigne.ac-lyon.fr\/legt\/wp-json\/wp\/v2\/posts\/22260","targetHints":{"allow":["GET"]}}],"collection":[{"href":"https:\/\/ecogestion-legt.enseigne.ac-lyon.fr\/legt\/wp-json\/wp\/v2\/posts"}],"about":[{"href":"https:\/\/ecogestion-legt.enseigne.ac-lyon.fr\/legt\/wp-json\/wp\/v2\/types\/post"}],"author":[{"embeddable":true,"href":"https:\/\/ecogestion-legt.enseigne.ac-lyon.fr\/legt\/wp-json\/wp\/v2\/users\/17"}],"replies":[{"embeddable":true,"href":"https:\/\/ecogestion-legt.enseigne.ac-lyon.fr\/legt\/wp-json\/wp\/v2\/comments?post=22260"}],"version-history":[{"count":1,"href":"https:\/\/ecogestion-legt.enseigne.ac-lyon.fr\/legt\/wp-json\/wp\/v2\/posts\/22260\/revisions"}],"predecessor-version":[{"id":22261,"href":"https:\/\/ecogestion-legt.enseigne.ac-lyon.fr\/legt\/wp-json\/wp\/v2\/posts\/22260\/revisions\/22261"}],"wp:attachment":[{"href":"https:\/\/ecogestion-legt.enseigne.ac-lyon.fr\/legt\/wp-json\/wp\/v2\/media?parent=22260"}],"wp:term":[{"taxonomy":"category","embeddable":true,"href":"https:\/\/ecogestion-legt.enseigne.ac-lyon.fr\/legt\/wp-json\/wp\/v2\/categories?post=22260"},{"taxonomy":"post_tag","embeddable":true,"href":"https:\/\/ecogestion-legt.enseigne.ac-lyon.fr\/legt\/wp-json\/wp\/v2\/tags?post=22260"}],"curies":[{"name":"wp","href":"https:\/\/api.w.org\/{rel}","templated":true}]}}