
{"id":22220,"date":"2024-10-18T16:57:50","date_gmt":"2024-10-18T14:57:50","guid":{"rendered":"https:\/\/ecogestion-legt.enseigne.ac-lyon.fr\/legt\/?p=22220&#038;preview=true&#038;preview_id=22220"},"modified":"2024-10-19T08:04:33","modified_gmt":"2024-10-19T06:04:33","slug":"webinaire-co-animer-par-les-ia-ipr-economie-et-gestion-et-les-ien-et-sur-le-parcours-de-consolidation-de-la-reforme-de-la-voie-professionnelle","status":"publish","type":"post","link":"https:\/\/ecogestion-legt.enseigne.ac-lyon.fr\/legt\/webinaire-co-animer-par-les-ia-ipr-economie-et-gestion-et-les-ien-et-sur-le-parcours-de-consolidation-de-la-reforme-de-la-voie-professionnelle\/","title":{"rendered":"\u00c9coGest Lyon : Webinaire co-anim\u00e9 par les IA-IPR \u00e9conomie et gestion et les IEN-ET, sur le parcours de consolidation de la r\u00e9forme de la voie professionnelle"},"content":{"rendered":"<p>Mesdames et messieurs les professeurs de STS, comme vous le savez dans le cadre de la r\u00e9forme de la voie professionnelle un parcours de consolidation doit \u00eatre mise en \u0153uvre dans toutes les sections de STS \u00e0 destination des bacheliers professionnels <a href=\"https:\/\/www.education.gouv.fr\/12-mesures-pour-faire-du-lycee-professionnel-un-choix-d-avenir-pour-les-jeunes-et-les-entreprises-378032\" target=\"_blank\" rel=\"noopener\">12 mesures pour faire du lyc\u00e9e professionnel un choix d&rsquo;avenir pour les jeunes et les entreprises | Minist\u00e8re de l&rsquo;Education Nationale (mesure 5).\u00a0<\/a><\/p>\n<p>Nous vous invitons donc \u00e0 prendre connaissance de ces nouvelles dispositions notamment le parcours de consolidation (mesure 5.3) et afin d\u2019\u00e9clairer votre r\u00e9flexion nous vous convions \u00e0 un Webinaire co-anim\u00e9 par les IA-IPR \u00e9conomie et gestion et nos coll\u00e8gues IEN-ET notamment Myriam Mazoyer doyenne du coll\u00e8ge des IEN-ET.<\/p>\n<p>La date le mercredi 13 novembre de 17h \u00e0 18h en distanciel<br \/>\nLe lien est celui \u00a0 :<a href=\"https:\/\/visio-agents.education.fr\/meeting\/signin\/invite\/385894\/creator\/42760\/ash\/39d0396262c86c2a1fa9e8077425e74a843f2c47\" target=\"_blank\" rel=\"noopener\"> https:\/\/visio-agents.education.fr\/meeting\/signin\/invite\/385894\/creator\/42760\/ash\/39d0396262c86c2a1fa9e8077425e74a843f2c47<\/a><\/p>\n<p>Bonnes vacances de Toussaint,<\/p>\n<p>Les IA-IPR \u00e9conomie et gestion<br \/>\nJ.-C. Diry &#8211; N. Freydi\u00e8re &#8211; L. Sevestre &#8211; V. Monmaron<\/p>\n<p>&nbsp;<\/p>\n<p>&nbsp;<\/p>\n","protected":false},"excerpt":{"rendered":"<p>Mesdames et messieurs les professeurs de STS, comme vous le savez dans le cadre de la r\u00e9forme de la voie professionnelle un parcours de consolidation doit \u00eatre mise en \u0153uvre dans toutes les sections de STS \u00e0 destination des bacheliers professionnels 12 mesures pour faire du lyc\u00e9e professionnel un choix d&rsquo;avenir pour les jeunes et [&hellip;]<\/p>\n","protected":false},"author":17,"featured_media":0,"comment_status":"closed","ping_status":"open","sticky":false,"template":"","format":"standard","meta":{"footnotes":""},"categories":[12],"tags":[558,573],"class_list":["post-22220","post","type-post","status-publish","format-standard","hentry","category-flashs","tag-ecogest","tag-economie-et-gestion"],"_links":{"self":[{"href":"https:\/\/ecogestion-legt.enseigne.ac-lyon.fr\/legt\/wp-json\/wp\/v2\/posts\/22220","targetHints":{"allow":["GET"]}}],"collection":[{"href":"https:\/\/ecogestion-legt.enseigne.ac-lyon.fr\/legt\/wp-json\/wp\/v2\/posts"}],"about":[{"href":"https:\/\/ecogestion-legt.enseigne.ac-lyon.fr\/legt\/wp-json\/wp\/v2\/types\/post"}],"author":[{"embeddable":true,"href":"https:\/\/ecogestion-legt.enseigne.ac-lyon.fr\/legt\/wp-json\/wp\/v2\/users\/17"}],"replies":[{"embeddable":true,"href":"https:\/\/ecogestion-legt.enseigne.ac-lyon.fr\/legt\/wp-json\/wp\/v2\/comments?post=22220"}],"version-history":[{"count":3,"href":"https:\/\/ecogestion-legt.enseigne.ac-lyon.fr\/legt\/wp-json\/wp\/v2\/posts\/22220\/revisions"}],"predecessor-version":[{"id":22231,"href":"https:\/\/ecogestion-legt.enseigne.ac-lyon.fr\/legt\/wp-json\/wp\/v2\/posts\/22220\/revisions\/22231"}],"wp:attachment":[{"href":"https:\/\/ecogestion-legt.enseigne.ac-lyon.fr\/legt\/wp-json\/wp\/v2\/media?parent=22220"}],"wp:term":[{"taxonomy":"category","embeddable":true,"href":"https:\/\/ecogestion-legt.enseigne.ac-lyon.fr\/legt\/wp-json\/wp\/v2\/categories?post=22220"},{"taxonomy":"post_tag","embeddable":true,"href":"https:\/\/ecogestion-legt.enseigne.ac-lyon.fr\/legt\/wp-json\/wp\/v2\/tags?post=22220"}],"curies":[{"name":"wp","href":"https:\/\/api.w.org\/{rel}","templated":true}]}}