
{"id":22053,"date":"2024-09-27T19:30:02","date_gmt":"2024-09-27T17:30:02","guid":{"rendered":"https:\/\/ecogestion-legt.enseigne.ac-lyon.fr\/legt\/?p=22053&#038;preview=true&#038;preview_id=22053"},"modified":"2024-09-27T19:35:36","modified_gmt":"2024-09-27T17:35:36","slug":"deux-breves-pour-cette-semaine-la-competition-europeenne-de-statistiques-et-ledition-2024-du-prix-lyceen-lire-leconomie","status":"publish","type":"post","link":"https:\/\/ecogestion-legt.enseigne.ac-lyon.fr\/legt\/deux-breves-pour-cette-semaine-la-competition-europeenne-de-statistiques-et-ledition-2024-du-prix-lyceen-lire-leconomie\/","title":{"rendered":"\u00c9coGest Lyon : Deux br\u00e8ves pour cette semaine ! La Comp\u00e9tition europ\u00e9enne de statistiques et l&rsquo;\u00c9dition 2024 du Prix lyc\u00e9en \u00ab Lire l\u2019\u00c9conomie \u00bb"},"content":{"rendered":"<h2>Comp\u00e9tition europ\u00e9enne de statistiques<\/h2>\n<p>\u00c0 la rencontre des math\u00e9matiques, de l\u2019\u00e9conomie et de la sociologie, la Comp\u00e9tition europ\u00e9enne de statistiques, ou ESC, am\u00e8ne ses candidats \u00e0 accro\u00eetre leur expertise dans le maniement et l\u2019analyse de donn\u00e9es chiffr\u00e9es. Les participants mesurent l\u2019enjeu soci\u00e9tal des statistiques au travers de deux \u00e9preuves disput\u00e9es en \u00e9quipe : un QCM math\u00e9matiques &#8211; \u00e9conomie, puis l\u2019\u00e9laboration d\u2019un diaporama exploitant et analysant des donn\u00e9es chiffr\u00e9es tir\u00e9es d\u2019une v\u00e9ritable enqu\u00eate de l\u2019Insee.<\/p>\n<p>Vous \u00eates professeur et vous souhaitez en savoir plus sur cette comp\u00e9tition : la direction r\u00e9gionale Provence-Alpes-C\u00f4te d\u2019azur et l\u2019Acad\u00e9mie de Nice vous proposent de participer \u00e0 un <a href=\"https:\/\/www.pedagogie.ac-nice.fr\/mathematiques\/competition-europeenne-de-statistiques-edition-2025\/\" target=\"_blank\" rel=\"noopener\">webinaire de pr\u00e9sentation et de t\u00e9moignages sur la comp\u00e9tition<\/a><\/p>\n<p>Pour s&rsquo;inscrire :<\/p>\n<p style=\"padding-left: 40px;\"><a href=\"https:\/\/framaforms.org\/presentation-de-la-competition-europeenne-de-statistiques-le-27-septembre-2024-1726156883\" target=\"_blank\" rel=\"noopener\">Webinaire du 27 septembre \u00e0 13h00<\/a><br \/>\n<a href=\"https:\/\/framaforms.org\/presentation-de-la-competition-europeenne-de-statistiques-le-30-septembre-2024-1726223112\" target=\"_blank\" rel=\"noopener\">Webinaire du 30 septembre \u00e0 17h30<\/a><\/p>\n<p>Pour en savoir plus : <a href=\"https:\/\/eduscol.education.fr\/media\/60993\/download?attachment\" target=\"_blank\" rel=\"noopener\">T\u00e9l\u00e9chargez le flyer de pr\u00e9sentation de l&rsquo;\u00e9dition 2024-2025 de la comp\u00e9tition<\/a><\/p>\n<h2>\u00c9dition 2024 du Prix lyc\u00e9en \u00ab Lire l\u2019\u00c9conomie \u00bb<\/h2>\n<p>Le Prix lyc\u00e9en \u00ab Lire l\u2019\u00e9conomie \u00bb, organis\u00e9 par le minist\u00e8re de l\u2019\u00c9ducation nationale et de la Jeunesse et le minist\u00e8re de l\u2019\u00c9conomie, des Finances, et de la Souverainet\u00e9 industrielle et num\u00e9rique, en partenariat avec l\u2019association Lire la Soci\u00e9t\u00e9, est reconduit pour l\u2019ann\u00e9e 2024 pour sa 26\u00e8me \u00e9dition. Ce prix r\u00e9compense deux cat\u00e9gories d\u2019ouvrages d\u2019\u00e9conomie: cat\u00e9gorie essai et cat\u00e9gorie bande dessin\u00e9e. Il est l&rsquo;occasion pour les lyc\u00e9ens de se familiariser avec le langage et la pens\u00e9e \u00e9conomiques et d&rsquo;appr\u00e9hender les enjeux \u00e9conomiques contemporains.<\/p>\n<p>Accompagn\u00e9s par leur professeur, les classes ou groupes participants \u00e9tudient trois ouvrages dans l\u2019une et\/ou l\u2019autre des deux cat\u00e9gories possibles, tous s\u00e9lectionn\u00e9s par le ministre en charge de l&rsquo;\u00c9ducation nationale. Les lyc\u00e9ens \u00e9lisent le livre qui, dans sa cat\u00e9gorie, leur a sembl\u00e9 le plus accessible, et dont la lecture a particuli\u00e8rement enrichi leur r\u00e9flexion personnelle. Chaque classe ou groupe repr\u00e9sente une voix pour l&rsquo;ouvrage choisi, dans la cat\u00e9gorie dont il rel\u00e8ve.<\/p>\n<p>L\u2019inscription au Prix lyc\u00e9en \u00ab Lire l\u2019\u00c9conomie \u00bb est ouverte jusqu\u2019au dimanche 20 octobre 2024 via un formulaire d\u00e9di\u00e9, disponible sur la page \u00c9duscol suivante :<\/p>\n<p><a href=\"https:\/\/eduscol.education.fr\/3469\/le-prix-lyceen-lire-l-economie\" target=\"_blank\" rel=\"noopener\">https:\/\/eduscol.education.fr\/3469\/le-prix-lyceen-lire-l-economie<\/a><\/p>\n<p>Afin d\u2019accompagner les \u00e9quipes \u00e9ducatives dans la mobilisation sur ce prix, cette m\u00eame page \u00c9duscol d\u00e9livre toutes les informations relatives \u00e0 la participation \u00e0 ce prix et pr\u00e9cise les ouvrages retenus dans les deux cat\u00e9gories pour cette \u00e9dition 2024.<\/p>\n","protected":false},"excerpt":{"rendered":"<p>Comp\u00e9tition europ\u00e9enne de statistiques \u00c0 la rencontre des math\u00e9matiques, de l\u2019\u00e9conomie et de la sociologie, la Comp\u00e9tition europ\u00e9enne de statistiques, ou ESC, am\u00e8ne ses candidats \u00e0 accro\u00eetre leur expertise dans le maniement et l\u2019analyse de donn\u00e9es chiffr\u00e9es. Les participants mesurent l\u2019enjeu soci\u00e9tal des statistiques au travers de deux \u00e9preuves disput\u00e9es en \u00e9quipe : un QCM [&hellip;]<\/p>\n","protected":false},"author":17,"featured_media":0,"comment_status":"closed","ping_status":"open","sticky":false,"template":"","format":"standard","meta":{"footnotes":""},"categories":[12],"tags":[558,573],"class_list":["post-22053","post","type-post","status-publish","format-standard","hentry","category-flashs","tag-ecogest","tag-economie-et-gestion"],"_links":{"self":[{"href":"https:\/\/ecogestion-legt.enseigne.ac-lyon.fr\/legt\/wp-json\/wp\/v2\/posts\/22053","targetHints":{"allow":["GET"]}}],"collection":[{"href":"https:\/\/ecogestion-legt.enseigne.ac-lyon.fr\/legt\/wp-json\/wp\/v2\/posts"}],"about":[{"href":"https:\/\/ecogestion-legt.enseigne.ac-lyon.fr\/legt\/wp-json\/wp\/v2\/types\/post"}],"author":[{"embeddable":true,"href":"https:\/\/ecogestion-legt.enseigne.ac-lyon.fr\/legt\/wp-json\/wp\/v2\/users\/17"}],"replies":[{"embeddable":true,"href":"https:\/\/ecogestion-legt.enseigne.ac-lyon.fr\/legt\/wp-json\/wp\/v2\/comments?post=22053"}],"version-history":[{"count":3,"href":"https:\/\/ecogestion-legt.enseigne.ac-lyon.fr\/legt\/wp-json\/wp\/v2\/posts\/22053\/revisions"}],"predecessor-version":[{"id":22056,"href":"https:\/\/ecogestion-legt.enseigne.ac-lyon.fr\/legt\/wp-json\/wp\/v2\/posts\/22053\/revisions\/22056"}],"wp:attachment":[{"href":"https:\/\/ecogestion-legt.enseigne.ac-lyon.fr\/legt\/wp-json\/wp\/v2\/media?parent=22053"}],"wp:term":[{"taxonomy":"category","embeddable":true,"href":"https:\/\/ecogestion-legt.enseigne.ac-lyon.fr\/legt\/wp-json\/wp\/v2\/categories?post=22053"},{"taxonomy":"post_tag","embeddable":true,"href":"https:\/\/ecogestion-legt.enseigne.ac-lyon.fr\/legt\/wp-json\/wp\/v2\/tags?post=22053"}],"curies":[{"name":"wp","href":"https:\/\/api.w.org\/{rel}","templated":true}]}}