
{"id":21974,"date":"2024-09-13T18:04:41","date_gmt":"2024-09-13T16:04:41","guid":{"rendered":"https:\/\/ecogestion-legt.enseigne.ac-lyon.fr\/legt\/?p=21974&#038;preview=true&#038;preview_id=21974"},"modified":"2024-09-16T11:46:19","modified_gmt":"2024-09-16T09:46:19","slug":"les-nouveautes-de-la-rentree","status":"publish","type":"post","link":"https:\/\/ecogestion-legt.enseigne.ac-lyon.fr\/legt\/les-nouveautes-de-la-rentree\/","title":{"rendered":"\u00c9coGest Lyon : Les nouveaut\u00e9s de la rentr\u00e9e"},"content":{"rendered":"<p>Cette ann\u00e9e scolaire permet de poursuivre la dynamique pour faire de l\u2019\u00c9cole un lieu d\u2019\u00e9mancipation et un lieu qui fait r\u00e9ussir, un lieu d\u2019\u00e9panouissement et un lieu qui pr\u00e9pare l\u2019avenir. De nouvelles mesures, en compl\u00e9ment de celles d\u00e9j\u00e0 mises en \u0153uvre, entrent en vigueur \u00e0 la rentr\u00e9e 2024<\/p>\n<p><a href=\"https:\/\/www.education.gouv.fr\/rentree-2024-ce-qu-il-faut-savoir-415001\">Rentr\u00e9e 2024 : ce qu&rsquo;il faut savoir | Minist\u00e8re de l&rsquo;Education Nationale et de la Jeunesse<\/a><\/p>\n","protected":false},"excerpt":{"rendered":"<p>Cette ann\u00e9e scolaire permet de poursuivre la dynamique pour faire de l\u2019\u00c9cole un lieu d\u2019\u00e9mancipation et un lieu qui fait r\u00e9ussir, un lieu d\u2019\u00e9panouissement et un lieu qui pr\u00e9pare l\u2019avenir. De nouvelles mesures, en compl\u00e9ment de celles d\u00e9j\u00e0 mises en \u0153uvre, entrent en vigueur \u00e0 la rentr\u00e9e 2024 Rentr\u00e9e 2024 : ce qu&rsquo;il faut savoir [&hellip;]<\/p>\n","protected":false},"author":17,"featured_media":0,"comment_status":"closed","ping_status":"open","sticky":false,"template":"","format":"standard","meta":{"footnotes":""},"categories":[12],"tags":[558,573],"class_list":["post-21974","post","type-post","status-publish","format-standard","hentry","category-flashs","tag-ecogest","tag-economie-et-gestion"],"_links":{"self":[{"href":"https:\/\/ecogestion-legt.enseigne.ac-lyon.fr\/legt\/wp-json\/wp\/v2\/posts\/21974","targetHints":{"allow":["GET"]}}],"collection":[{"href":"https:\/\/ecogestion-legt.enseigne.ac-lyon.fr\/legt\/wp-json\/wp\/v2\/posts"}],"about":[{"href":"https:\/\/ecogestion-legt.enseigne.ac-lyon.fr\/legt\/wp-json\/wp\/v2\/types\/post"}],"author":[{"embeddable":true,"href":"https:\/\/ecogestion-legt.enseigne.ac-lyon.fr\/legt\/wp-json\/wp\/v2\/users\/17"}],"replies":[{"embeddable":true,"href":"https:\/\/ecogestion-legt.enseigne.ac-lyon.fr\/legt\/wp-json\/wp\/v2\/comments?post=21974"}],"version-history":[{"count":1,"href":"https:\/\/ecogestion-legt.enseigne.ac-lyon.fr\/legt\/wp-json\/wp\/v2\/posts\/21974\/revisions"}],"predecessor-version":[{"id":21975,"href":"https:\/\/ecogestion-legt.enseigne.ac-lyon.fr\/legt\/wp-json\/wp\/v2\/posts\/21974\/revisions\/21975"}],"wp:attachment":[{"href":"https:\/\/ecogestion-legt.enseigne.ac-lyon.fr\/legt\/wp-json\/wp\/v2\/media?parent=21974"}],"wp:term":[{"taxonomy":"category","embeddable":true,"href":"https:\/\/ecogestion-legt.enseigne.ac-lyon.fr\/legt\/wp-json\/wp\/v2\/categories?post=21974"},{"taxonomy":"post_tag","embeddable":true,"href":"https:\/\/ecogestion-legt.enseigne.ac-lyon.fr\/legt\/wp-json\/wp\/v2\/tags?post=21974"}],"curies":[{"name":"wp","href":"https:\/\/api.w.org\/{rel}","templated":true}]}}