
{"id":21839,"date":"2024-09-06T18:09:17","date_gmt":"2024-09-06T16:09:17","guid":{"rendered":"https:\/\/ecogestion-legt.enseigne.ac-lyon.fr\/legt\/?p=21839&#038;preview=true&#038;preview_id=21839"},"modified":"2024-09-16T11:47:00","modified_gmt":"2024-09-16T09:47:00","slug":"excellente-rentree-scolaire-2024-2025-copie","status":"publish","type":"post","link":"https:\/\/ecogestion-legt.enseigne.ac-lyon.fr\/legt\/excellente-rentree-scolaire-2024-2025-copie\/","title":{"rendered":"\u00c9coGest Lyon : Pour vous accompagner dans l\u2019exercice de vos fonctions, nous sommes quatre inspecteurs p\u00e9dagogiques en \u00e9conomie gestion : Jean-Charles Diry, Nathalie Freydi\u00e8re, V\u00e9ronique Monmaron et L\u00e9onard Sevestre. Par ailleurs, pour nous aider, nous avons sollicit\u00e9 trois professeurs charg\u00e9s de mission d\u2019inspection &#8230;"},"content":{"rendered":"<p>Nous souhaitons la bienvenue \u00e0 tous les professeurs rejoignant notre acad\u00e9mie, ainsi qu\u2019une bonne int\u00e9gration au sein de leurs nouvelles \u00e9quipes. Pour vous accompagner dans l\u2019exercice de vos fonctions, nous sommes quatre inspecteurs p\u00e9dagogiques en \u00e9conomie gestion : <strong>Jean-Charles Diry, Nathalie Freydi\u00e8re, V\u00e9ronique Monmaron et L\u00e9onard Sevestre<\/strong>. Par ailleurs, pour nous aider, nous avons sollicit\u00e9 trois professeurs charg\u00e9s de mission d\u2019inspection : <strong>Nicolas Paturel, Laetitia Peltier et Christophe Regnault.<\/strong><\/p>\n<p>De plus, nous serons \u00e9paul\u00e9s par un certain nombre de professeurs r\u00e9f\u00e9rents de BTS, formateurs disciplinaires, et charg\u00e9s de dossiers (Webmaster, le num\u00e9rique \u00e9ducatif, la pr\u00e9paration au concours, etc. Tous pourront \u00eatre amen\u00e9s \u00e0 vous accompagner dans vos pratiques p\u00e9dagogiques et \u00e0 r\u00e9pondre \u00e0 vos interrogations (d\u00e9tail dans les pi\u00e8ces jointes notamment la carte heuristique pr\u00e9sentant l\u2019int\u00e9gralit\u00e9 des missions et responsabilit\u00e9s). L\u2019ensemble de ces donn\u00e9es sont en ligne sur notre site au lien suivant :<a href=\"https:\/\/ecogestion-legt.enseigne.ac-lyon.fr\/legt\/\" target=\"_blank\" rel=\"noopener\"> EcoGest Lyon: Site Economie et Gestion de l&rsquo;Acad\u00e9mie de Lyon \u2013 EcoGest Lyon (ac-lyon.fr)<\/a><\/p>\n<p>Nous vous rappelons ci-dessous nos dossiers en responsabilit\u00e9 :<\/p>\n<p>&#8211; \u00a0 \u00a0 \u00a0 \u00a0 \u00a0 \u00a0 \u00a0 <strong>\u00a0 Jean-Charles Diry IA-IPR<\/strong> est en charge du champ de la gestion-finance et informatique (CG, SAM, Assurance, SIO), du suivi de l\u2019enseignement de la gestion dans les fili\u00e8res industrielles, et de l\u2019expertise comptable tant au niveau licence (DCG), qu\u2019au niveau master (DSCG). Il est \u00e9galement conseiller acad\u00e9mique de monsieur le recteur pour l\u2019innovation p\u00e9dagogique (CARDIE), r\u00e9f\u00e9rent de \u00ab Notre \u00e9cole faisons l\u2019ensemble \u00bb (NEFLE), Directeur Adjoint de l\u2019\u00c9cole Acad\u00e9mique de la Formation Continue (EAFC) et enfin formateur national et co-animateur du r\u00e9seau des CARDIE.<\/p>\n<p>&#8211; \u00a0 \u00a0 \u00a0 \u00a0 \u00a0 \u00a0 \u00a0 \u00a0<strong> Nathalie Freydi\u00e8re IA-IPR<\/strong> est charg\u00e9e d\u2019une partie des BTS commerciaux (NDRC, MOS, Banque, CI). Elle a \u00e9galement la co-responsabilit\u00e9 des classes pr\u00e9paratoires aux grandes \u00e9coles (CPGE ECT-ECP et ATS). De plus, elle est r\u00e9f\u00e9rente acad\u00e9mique du partenariat Banque de France (suivi du passeport EducFi et du prix de l\u2019Excellence \u00e9conomique), et fait partie du groupe acad\u00e9mique des \u00e9l\u00e8ves \u00e0 difficult\u00e9s comportementales.<\/p>\n<p>&#8211; \u00a0 \u00a0 \u00a0 \u00a0 \u00a0 \u00a0 \u00a0 \u00a0<strong> V\u00e9ronique Monmaron IA-IPR<\/strong> est charg\u00e9e du champ de l\u2019h\u00f4tellerie-restauration (Bac STHR et BTS MHR) pour notre acad\u00e9mie et pour l\u2019acad\u00e9mie de Clermont-Ferrand.\u00a0 Elle a \u00e9galement en responsabilit\u00e9 le suivi des BTS GPME, Tourisme et Communication. Par ailleurs, elle a la co-responsabilit\u00e9 avec Nathalie Freydi\u00e8re des classes pr\u00e9paratoires aux grandes \u00e9coles (CPGE ECT-ECP et ATS). Elle fait partie du groupe acad\u00e9mique de pilotage des DDFPT, des CFC et de la pers\u00e9v\u00e9rance scolaire MLDS.<\/p>\n<p>&#8211; \u00a0 \u00a0 \u00a0 \u00a0 \u00a0 \u00a0 \u00a0 \u00a0<strong> L\u00e9onard Sevestre IA-IPR<\/strong> est charg\u00e9 d\u2019une partie des BTS commerciaux (MCO, CCST), du BTS Professions Immobili\u00e8res (membre du directoire national), du BTS Collaborateur Juriste Notarial (membre du directoire national) et du BTS GTLA. Il assure \u00e9galement la gestion et la coordination du recrutement et de la formation des professeurs contractuels pour notre discipline. Par ailleurs, il est co-r\u00e9f\u00e9rent acad\u00e9mique du passeport Educdroit.<\/p>\n","protected":false},"excerpt":{"rendered":"<p>Nous souhaitons la bienvenue \u00e0 tous les professeurs rejoignant notre acad\u00e9mie, ainsi qu\u2019une bonne int\u00e9gration au sein de leurs nouvelles \u00e9quipes. Pour vous accompagner dans l\u2019exercice de vos fonctions, nous sommes quatre inspecteurs p\u00e9dagogiques en \u00e9conomie gestion : Jean-Charles Diry, Nathalie Freydi\u00e8re, V\u00e9ronique Monmaron et L\u00e9onard Sevestre. Par ailleurs, pour nous aider, nous avons sollicit\u00e9 [&hellip;]<\/p>\n","protected":false},"author":17,"featured_media":0,"comment_status":"closed","ping_status":"open","sticky":false,"template":"","format":"standard","meta":{"footnotes":""},"categories":[12],"tags":[558,573],"class_list":["post-21839","post","type-post","status-publish","format-standard","hentry","category-flashs","tag-ecogest","tag-economie-et-gestion"],"_links":{"self":[{"href":"https:\/\/ecogestion-legt.enseigne.ac-lyon.fr\/legt\/wp-json\/wp\/v2\/posts\/21839","targetHints":{"allow":["GET"]}}],"collection":[{"href":"https:\/\/ecogestion-legt.enseigne.ac-lyon.fr\/legt\/wp-json\/wp\/v2\/posts"}],"about":[{"href":"https:\/\/ecogestion-legt.enseigne.ac-lyon.fr\/legt\/wp-json\/wp\/v2\/types\/post"}],"author":[{"embeddable":true,"href":"https:\/\/ecogestion-legt.enseigne.ac-lyon.fr\/legt\/wp-json\/wp\/v2\/users\/17"}],"replies":[{"embeddable":true,"href":"https:\/\/ecogestion-legt.enseigne.ac-lyon.fr\/legt\/wp-json\/wp\/v2\/comments?post=21839"}],"version-history":[{"count":9,"href":"https:\/\/ecogestion-legt.enseigne.ac-lyon.fr\/legt\/wp-json\/wp\/v2\/posts\/21839\/revisions"}],"predecessor-version":[{"id":21894,"href":"https:\/\/ecogestion-legt.enseigne.ac-lyon.fr\/legt\/wp-json\/wp\/v2\/posts\/21839\/revisions\/21894"}],"wp:attachment":[{"href":"https:\/\/ecogestion-legt.enseigne.ac-lyon.fr\/legt\/wp-json\/wp\/v2\/media?parent=21839"}],"wp:term":[{"taxonomy":"category","embeddable":true,"href":"https:\/\/ecogestion-legt.enseigne.ac-lyon.fr\/legt\/wp-json\/wp\/v2\/categories?post=21839"},{"taxonomy":"post_tag","embeddable":true,"href":"https:\/\/ecogestion-legt.enseigne.ac-lyon.fr\/legt\/wp-json\/wp\/v2\/tags?post=21839"}],"curies":[{"name":"wp","href":"https:\/\/api.w.org\/{rel}","templated":true}]}}