
{"id":21813,"date":"2024-08-02T08:43:06","date_gmt":"2024-08-02T06:43:06","guid":{"rendered":"https:\/\/ecogestion-legt.enseigne.ac-lyon.fr\/legt\/?p=21813&#038;preview=true&#038;preview_id=21813"},"modified":"2024-09-16T11:47:45","modified_gmt":"2024-09-16T09:47:45","slug":"le-racisme-et-lantisemitisme-copie","status":"publish","type":"post","link":"https:\/\/ecogestion-legt.enseigne.ac-lyon.fr\/legt\/le-racisme-et-lantisemitisme-copie\/","title":{"rendered":"\u00c9coGest Lyon : Excellente rentr\u00e9e scolaire 2024\/2025"},"content":{"rendered":"<p>Les inspecteurs \u00e9conomie et gestion de l\u2019acad\u00e9mie de Lyon (Nathalie Freydi\u00e8re, V\u00e9ronique Monmaron, Jean-Charles Diry et L\u00e9onard Sevestre) ainsi que les 3 professeurs charg\u00e9s de mission d\u2019inspection (Laetitia Peltier, Christophe Regnault et Nicolas Paturel) vous souhaitent une excellente rentr\u00e9e scolaire 2024\/2025.<\/p>\n<p>Dans le prochain message hebdomadaire du lundi 9 septembre vous aurez acc\u00e8s (via notre site internet) \u00e0 la lettre de rentr\u00e9e ainsi qu\u2019\u00e0 notre r\u00e9partition des missions et des \u00e9tablissements.<br \/>\nTout au long de cette ann\u00e9e scolaire et en principe chaque lundi (et nous remercions notre Webmaster Marianne Cr\u00e9millieu et notre IAN Olivier Torrequadra pour leur implication sur la gestion du site et les r\u00e9seaux sociaux) vous pourrez prendre connaissance d\u2019un certain nombre d\u2019informations essentielles sur la discipline dans les 4 rubriques habituelles (Formation et RH, Examens et Concours, Actualit\u00e9s et Focus).<\/p>\n<p>Nous vous invitons donc \u00e0 le lire r\u00e9guli\u00e8rement de mani\u00e8re \u00e0 ne pas passer \u00e0 c\u00f4t\u00e9 d\u2019informations importantes.<\/p>\n<p>Bonne prise de fonctions dans vos \u00e9tablissements respectifs et bonne int\u00e9gration dans notre acad\u00e9mie \u00e0 tous les nouveaux professeurs ou \u00e0 tous les entrants.<\/p>\n","protected":false},"excerpt":{"rendered":"<p>Les inspecteurs \u00e9conomie et gestion de l\u2019acad\u00e9mie de Lyon (Nathalie Freydi\u00e8re, V\u00e9ronique Monmaron, Jean-Charles Diry et L\u00e9onard Sevestre) ainsi que les 3 professeurs charg\u00e9s de mission d\u2019inspection (Laetitia Peltier, Christophe Regnault et Nicolas Paturel) vous souhaitent une excellente rentr\u00e9e scolaire 2024\/2025. Dans le prochain message hebdomadaire du lundi 9 septembre vous aurez acc\u00e8s (via notre [&hellip;]<\/p>\n","protected":false},"author":17,"featured_media":0,"comment_status":"closed","ping_status":"open","sticky":false,"template":"","format":"standard","meta":{"footnotes":""},"categories":[12],"tags":[558,573],"class_list":["post-21813","post","type-post","status-publish","format-standard","hentry","category-flashs","tag-ecogest","tag-economie-et-gestion"],"_links":{"self":[{"href":"https:\/\/ecogestion-legt.enseigne.ac-lyon.fr\/legt\/wp-json\/wp\/v2\/posts\/21813","targetHints":{"allow":["GET"]}}],"collection":[{"href":"https:\/\/ecogestion-legt.enseigne.ac-lyon.fr\/legt\/wp-json\/wp\/v2\/posts"}],"about":[{"href":"https:\/\/ecogestion-legt.enseigne.ac-lyon.fr\/legt\/wp-json\/wp\/v2\/types\/post"}],"author":[{"embeddable":true,"href":"https:\/\/ecogestion-legt.enseigne.ac-lyon.fr\/legt\/wp-json\/wp\/v2\/users\/17"}],"replies":[{"embeddable":true,"href":"https:\/\/ecogestion-legt.enseigne.ac-lyon.fr\/legt\/wp-json\/wp\/v2\/comments?post=21813"}],"version-history":[{"count":2,"href":"https:\/\/ecogestion-legt.enseigne.ac-lyon.fr\/legt\/wp-json\/wp\/v2\/posts\/21813\/revisions"}],"predecessor-version":[{"id":21815,"href":"https:\/\/ecogestion-legt.enseigne.ac-lyon.fr\/legt\/wp-json\/wp\/v2\/posts\/21813\/revisions\/21815"}],"wp:attachment":[{"href":"https:\/\/ecogestion-legt.enseigne.ac-lyon.fr\/legt\/wp-json\/wp\/v2\/media?parent=21813"}],"wp:term":[{"taxonomy":"category","embeddable":true,"href":"https:\/\/ecogestion-legt.enseigne.ac-lyon.fr\/legt\/wp-json\/wp\/v2\/categories?post=21813"},{"taxonomy":"post_tag","embeddable":true,"href":"https:\/\/ecogestion-legt.enseigne.ac-lyon.fr\/legt\/wp-json\/wp\/v2\/tags?post=21813"}],"curies":[{"name":"wp","href":"https:\/\/api.w.org\/{rel}","templated":true}]}}