
{"id":21729,"date":"2024-06-23T22:03:44","date_gmt":"2024-06-23T20:03:44","guid":{"rendered":"https:\/\/ecogestion-legt.enseigne.ac-lyon.fr\/legt\/?p=21729&#038;preview=true&#038;preview_id=21729"},"modified":"2024-09-16T11:49:04","modified_gmt":"2024-09-16T09:49:04","slug":"le-racisme-et-lantisemitisme","status":"publish","type":"post","link":"https:\/\/ecogestion-legt.enseigne.ac-lyon.fr\/legt\/le-racisme-et-lantisemitisme\/","title":{"rendered":"\u00c9coGest Lyon : Le racisme et l&rsquo;antis\u00e9mitisme"},"content":{"rendered":"<p>Nicole Belloubet a adress\u00e9 une lettre \u00e0 l&rsquo;ensemble des directeurs d&rsquo;\u00e9coles et aux chefs d&rsquo;\u00e9tablissement, jeudi 20 juin, pour leur demander d&rsquo;organiser, avec le concours des professeurs, un temps d&rsquo;\u00e9changes, d&rsquo;enseignement et de r\u00e9flexion sur le racisme et l&rsquo;antis\u00e9mitisme.<\/p>\n<p>Toutes les ressources en ligne ici :<\/p>\n<p><a href=\"https:\/\/eduscol.education.fr\/1692\/agir-contre-le-racisme-l-antisemitisme-et-les-discriminations-liees-l-origine\">Agir contre le racisme, l\u2019antis\u00e9mitisme et les discriminations li\u00e9es \u00e0 l\u2019origine | \u00e9duscol | Minist\u00e8re de l&rsquo;Education Nationale et de la Jeunesse | Direction g\u00e9n\u00e9rale de l&rsquo;enseignement scolaire<\/a><\/p>\n","protected":false},"excerpt":{"rendered":"<p>Nicole Belloubet a adress\u00e9 une lettre \u00e0 l&rsquo;ensemble des directeurs d&rsquo;\u00e9coles et aux chefs d&rsquo;\u00e9tablissement, jeudi 20 juin, pour leur demander d&rsquo;organiser, avec le concours des professeurs, un temps d&rsquo;\u00e9changes, d&rsquo;enseignement et de r\u00e9flexion sur le racisme et l&rsquo;antis\u00e9mitisme. Toutes les ressources en ligne ici : Agir contre le racisme, l\u2019antis\u00e9mitisme et les discriminations li\u00e9es [&hellip;]<\/p>\n","protected":false},"author":17,"featured_media":0,"comment_status":"closed","ping_status":"open","sticky":false,"template":"","format":"standard","meta":{"footnotes":""},"categories":[12],"tags":[558,559,573],"class_list":["post-21729","post","type-post","status-publish","format-standard","hentry","category-flashs","tag-ecogest","tag-formation","tag-economie-et-gestion"],"_links":{"self":[{"href":"https:\/\/ecogestion-legt.enseigne.ac-lyon.fr\/legt\/wp-json\/wp\/v2\/posts\/21729","targetHints":{"allow":["GET"]}}],"collection":[{"href":"https:\/\/ecogestion-legt.enseigne.ac-lyon.fr\/legt\/wp-json\/wp\/v2\/posts"}],"about":[{"href":"https:\/\/ecogestion-legt.enseigne.ac-lyon.fr\/legt\/wp-json\/wp\/v2\/types\/post"}],"author":[{"embeddable":true,"href":"https:\/\/ecogestion-legt.enseigne.ac-lyon.fr\/legt\/wp-json\/wp\/v2\/users\/17"}],"replies":[{"embeddable":true,"href":"https:\/\/ecogestion-legt.enseigne.ac-lyon.fr\/legt\/wp-json\/wp\/v2\/comments?post=21729"}],"version-history":[{"count":1,"href":"https:\/\/ecogestion-legt.enseigne.ac-lyon.fr\/legt\/wp-json\/wp\/v2\/posts\/21729\/revisions"}],"predecessor-version":[{"id":21730,"href":"https:\/\/ecogestion-legt.enseigne.ac-lyon.fr\/legt\/wp-json\/wp\/v2\/posts\/21729\/revisions\/21730"}],"wp:attachment":[{"href":"https:\/\/ecogestion-legt.enseigne.ac-lyon.fr\/legt\/wp-json\/wp\/v2\/media?parent=21729"}],"wp:term":[{"taxonomy":"category","embeddable":true,"href":"https:\/\/ecogestion-legt.enseigne.ac-lyon.fr\/legt\/wp-json\/wp\/v2\/categories?post=21729"},{"taxonomy":"post_tag","embeddable":true,"href":"https:\/\/ecogestion-legt.enseigne.ac-lyon.fr\/legt\/wp-json\/wp\/v2\/tags?post=21729"}],"curies":[{"name":"wp","href":"https:\/\/api.w.org\/{rel}","templated":true}]}}