
{"id":21708,"date":"2024-06-16T11:15:44","date_gmt":"2024-06-16T09:15:44","guid":{"rendered":"https:\/\/ecogestion-legt.enseigne.ac-lyon.fr\/legt\/?p=21708&#038;preview=true&#038;preview_id=21708"},"modified":"2024-09-16T11:49:17","modified_gmt":"2024-09-16T09:49:17","slug":"deux-breves-pour-cette-semaine-le-stage-pour-tous-les-eleves-de-seconde-et-la-sequence-dobservation-en-milieu-professionnel-obligatoire-pour-preparer-ses-choix-dorientation","status":"publish","type":"post","link":"https:\/\/ecogestion-legt.enseigne.ac-lyon.fr\/legt\/deux-breves-pour-cette-semaine-le-stage-pour-tous-les-eleves-de-seconde-et-la-sequence-dobservation-en-milieu-professionnel-obligatoire-pour-preparer-ses-choix-dorientation\/","title":{"rendered":"\u00c9coGest Lyon : Deux br\u00e8ves pour cette semaine, le stage pour tous les \u00e9l\u00e8ves de seconde et la s\u00e9quence d&rsquo;observation en milieu professionnel obligatoire pour pr\u00e9parer ses choix d&rsquo;orientation"},"content":{"rendered":"<h2>Deux semaines de stage en juin pour tous les \u00e9l\u00e8ves de seconde g\u00e9n\u00e9rale et technologique<\/h2>\n<p>Les \u00e9l\u00e8ves de classe de seconde g\u00e9n\u00e9rale et technologique scolaris\u00e9s dans les \u00e9tablissements scolaires publics relevant du minist\u00e8re charg\u00e9 de l&rsquo;\u00e9ducation nationale et du minist\u00e8re charg\u00e9 de l&rsquo;agriculture ainsi que dans les \u00e9tablissements d&rsquo;enseignement priv\u00e9 sous contrat sont concern\u00e9s par l&rsquo;instauration d&rsquo;une s\u00e9quence d&rsquo;observation en milieu professionnel. Ce stage d\u2019observation dure deux semaines, du 17 au 28 juin 2024.<\/p>\n<p><a href=\"https:\/\/www.education.gouv.fr\/media\/194085\/download\">T\u00e9l\u00e9charger le d\u00e9pliant \u00ab\u00a0Mon stage de seconde : construisons l&rsquo;avenir\u00a0\u00bb<\/a><\/p>\n<p>&nbsp;<\/p>\n<p>&nbsp;<\/p>\n<h2>Une s\u00e9quence d&rsquo;observation en milieu professionnel obligatoire pour pr\u00e9parer ses choix d&rsquo;orientation<\/h2>\n<p>Les lyc\u00e9ens de seconde g\u00e9n\u00e9rale et technologique accomplissent une s\u00e9quence d&rsquo;observation en milieu professionnel obligatoire dans des entreprises, des associations, des administrations, des \u00e9tablissements publics ou des collectivit\u00e9s territoriales. L\u2019objectif est d\u2019am\u00e9liorer la politique d\u2019orientation des jeunes et de rendre toujours plus dynamique le lien entre l\u2019\u00e9cole et les entreprises ainsi que tous les employeurs, publics comme priv\u00e9s.<\/p>\n<p style=\"text-align: center;\">Des offres de stage seront accessibles sur<a href=\"https:\/\/1jeune1solution.gouv.fr\/\"> 1jeune1solution.gouv.fr\u00a0<\/a><\/p>\n<p style=\"text-align: center;\">aux \u00e9l\u00e8ves et \u00e0 leur famille \u00e0 partir du 25 mars 2024.<\/p>\n<p>&nbsp;<\/p>\n<p>Une convention doit imp\u00e9rativement \u00eatre sign\u00e9e par le lyc\u00e9e avec la structure d\u2019accueil, pour mettre en \u0153uvre cette s\u00e9quence d\u2019observation en milieu professionnel. La convention de stage obligatoire pour chaque \u00e9l\u00e8ve sera d\u00e9mat\u00e9rialis\u00e9e sur la plateforme <a href=\"https:\/\/1jeune1solution.gouv.fr\/\">1jeune1solution.gouv.fr<\/a>. La s\u00e9quence d\u2019observation en milieu professionnel est facultative pour les \u00e9l\u00e8ves de seconde de la s\u00e9rie technologique h\u00f4tellerie et restauration (STHR), dont la formation comprend un stage d\u2019initiation ou d\u2019application obligatoire de quatre semaines en milieu professionnel.Des dispositions d\u00e9rogatoires sont pr\u00e9vues pour les \u00e9l\u00e8ves qui effectuent un s\u00e9jour de coh\u00e9sion, une mission d\u2019int\u00e9r\u00eat g\u00e9n\u00e9ral dans le cadre du service national universel (SNU), une mobilit\u00e9 europ\u00e9enne ou internationale telle que pr\u00e9vue \u00e0 l\u2019article D. 331-68 du code de l\u2019\u00e9ducation d\u2019une dur\u00e9e minimale de deux semaines au titre de la classe de seconde ou d\u2019une dur\u00e9e minimale de quatre semaines au titre de la classe de premi\u00e8re, pendant le dernier mois de l\u2019ann\u00e9e scolaire. Ces \u00e9l\u00e8ves peuvent \u00eatre dispens\u00e9s d\u2019effectuer la s\u00e9quence d\u2019observation en milieu professionnel, apr\u00e8s accord de leur chef d\u2019\u00e9tablissement. Les \u00e9l\u00e8ves peuvent \u00e9galement \u00eatre dispens\u00e9s de la s\u00e9quence d\u2019observation s\u2019ils effectuent un voyage scolaire organis\u00e9 par leur \u00e9tablissement sur la p\u00e9riode pr\u00e9vue r\u00e9glementairement pour les s\u00e9quences d\u2019observation (deuxi\u00e8me quinzaine de juin).<\/p>\n","protected":false},"excerpt":{"rendered":"<p>Deux semaines de stage en juin pour tous les \u00e9l\u00e8ves de seconde g\u00e9n\u00e9rale et technologique Les \u00e9l\u00e8ves de classe de seconde g\u00e9n\u00e9rale et technologique scolaris\u00e9s dans les \u00e9tablissements scolaires publics relevant du minist\u00e8re charg\u00e9 de l&rsquo;\u00e9ducation nationale et du minist\u00e8re charg\u00e9 de l&rsquo;agriculture ainsi que dans les \u00e9tablissements d&rsquo;enseignement priv\u00e9 sous contrat sont concern\u00e9s par [&hellip;]<\/p>\n","protected":false},"author":17,"featured_media":0,"comment_status":"closed","ping_status":"open","sticky":false,"template":"","format":"standard","meta":{"footnotes":""},"categories":[12],"tags":[558,559,573],"class_list":["post-21708","post","type-post","status-publish","format-standard","hentry","category-flashs","tag-ecogest","tag-formation","tag-economie-et-gestion"],"_links":{"self":[{"href":"https:\/\/ecogestion-legt.enseigne.ac-lyon.fr\/legt\/wp-json\/wp\/v2\/posts\/21708","targetHints":{"allow":["GET"]}}],"collection":[{"href":"https:\/\/ecogestion-legt.enseigne.ac-lyon.fr\/legt\/wp-json\/wp\/v2\/posts"}],"about":[{"href":"https:\/\/ecogestion-legt.enseigne.ac-lyon.fr\/legt\/wp-json\/wp\/v2\/types\/post"}],"author":[{"embeddable":true,"href":"https:\/\/ecogestion-legt.enseigne.ac-lyon.fr\/legt\/wp-json\/wp\/v2\/users\/17"}],"replies":[{"embeddable":true,"href":"https:\/\/ecogestion-legt.enseigne.ac-lyon.fr\/legt\/wp-json\/wp\/v2\/comments?post=21708"}],"version-history":[{"count":5,"href":"https:\/\/ecogestion-legt.enseigne.ac-lyon.fr\/legt\/wp-json\/wp\/v2\/posts\/21708\/revisions"}],"predecessor-version":[{"id":21715,"href":"https:\/\/ecogestion-legt.enseigne.ac-lyon.fr\/legt\/wp-json\/wp\/v2\/posts\/21708\/revisions\/21715"}],"wp:attachment":[{"href":"https:\/\/ecogestion-legt.enseigne.ac-lyon.fr\/legt\/wp-json\/wp\/v2\/media?parent=21708"}],"wp:term":[{"taxonomy":"category","embeddable":true,"href":"https:\/\/ecogestion-legt.enseigne.ac-lyon.fr\/legt\/wp-json\/wp\/v2\/categories?post=21708"},{"taxonomy":"post_tag","embeddable":true,"href":"https:\/\/ecogestion-legt.enseigne.ac-lyon.fr\/legt\/wp-json\/wp\/v2\/tags?post=21708"}],"curies":[{"name":"wp","href":"https:\/\/api.w.org\/{rel}","templated":true}]}}