
{"id":21687,"date":"2024-06-08T12:10:41","date_gmt":"2024-06-08T10:10:41","guid":{"rendered":"https:\/\/ecogestion-legt.enseigne.ac-lyon.fr\/legt\/?p=21687&#038;preview=true&#038;preview_id=21687"},"modified":"2024-09-16T11:51:20","modified_gmt":"2024-09-16T09:51:20","slug":"le-principe-de-laicite-est-au-fondement-du-systeme-educatif-francais-depuis-la-fin-du-xixe-siecle","status":"publish","type":"post","link":"https:\/\/ecogestion-legt.enseigne.ac-lyon.fr\/legt\/le-principe-de-laicite-est-au-fondement-du-systeme-educatif-francais-depuis-la-fin-du-xixe-siecle\/","title":{"rendered":"\u00c9coGest Lyon : Le principe de la\u00efcit\u00e9 est au fondement du syst\u00e8me \u00e9ducatif fran\u00e7ais depuis la fin du XIXe si\u00e8cle."},"content":{"rendered":"<p>Le principe de la\u00efcit\u00e9 est au fondement du syst\u00e8me \u00e9ducatif fran\u00e7ais depuis la fin du XIXe si\u00e8cle. Les diff\u00e9rents enseignements contribuent \u00e0 la transmission de la la\u00efcit\u00e9, en particulier l\u2019enseignement moral et civique, l\u2019histoire g\u00e9ographie ou encore la litt\u00e9rature. Des mesures sont mises en \u0153uvre pour soutenir les professeurs, les directeurs d\u2019\u00e9cole et les chefs d\u2019\u00e9tablissements qui sont parfois confront\u00e9s \u00e0 des remises en cause du principe de la la\u00efcit\u00e9.<\/p>\n<p>La vid\u00e9o <a href=\"https:\/\/youtu.be\/sCetaKH_pjE\">https:\/\/youtu.be\/sCetaKH_pjE<\/a><\/p>\n<p><a href=\"https:\/\/www.education.gouv.fr\/la-laicite-l-ecole-12482\">Toutes les info : La la\u00efcit\u00e9 \u00e0 l&rsquo;\u00e9cole | Minist\u00e8re de l&rsquo;Education Nationale et de la Jeunesse<\/a><\/p>\n","protected":false},"excerpt":{"rendered":"<p>Le principe de la\u00efcit\u00e9 est au fondement du syst\u00e8me \u00e9ducatif fran\u00e7ais depuis la fin du XIXe si\u00e8cle. Les diff\u00e9rents enseignements contribuent \u00e0 la transmission de la la\u00efcit\u00e9, en particulier l\u2019enseignement moral et civique, l\u2019histoire g\u00e9ographie ou encore la litt\u00e9rature. Des mesures sont mises en \u0153uvre pour soutenir les professeurs, les directeurs d\u2019\u00e9cole et les chefs [&hellip;]<\/p>\n","protected":false},"author":17,"featured_media":0,"comment_status":"closed","ping_status":"open","sticky":false,"template":"","format":"standard","meta":{"footnotes":""},"categories":[12],"tags":[558,559,573],"class_list":["post-21687","post","type-post","status-publish","format-standard","hentry","category-flashs","tag-ecogest","tag-formation","tag-economie-et-gestion"],"_links":{"self":[{"href":"https:\/\/ecogestion-legt.enseigne.ac-lyon.fr\/legt\/wp-json\/wp\/v2\/posts\/21687","targetHints":{"allow":["GET"]}}],"collection":[{"href":"https:\/\/ecogestion-legt.enseigne.ac-lyon.fr\/legt\/wp-json\/wp\/v2\/posts"}],"about":[{"href":"https:\/\/ecogestion-legt.enseigne.ac-lyon.fr\/legt\/wp-json\/wp\/v2\/types\/post"}],"author":[{"embeddable":true,"href":"https:\/\/ecogestion-legt.enseigne.ac-lyon.fr\/legt\/wp-json\/wp\/v2\/users\/17"}],"replies":[{"embeddable":true,"href":"https:\/\/ecogestion-legt.enseigne.ac-lyon.fr\/legt\/wp-json\/wp\/v2\/comments?post=21687"}],"version-history":[{"count":1,"href":"https:\/\/ecogestion-legt.enseigne.ac-lyon.fr\/legt\/wp-json\/wp\/v2\/posts\/21687\/revisions"}],"predecessor-version":[{"id":21688,"href":"https:\/\/ecogestion-legt.enseigne.ac-lyon.fr\/legt\/wp-json\/wp\/v2\/posts\/21687\/revisions\/21688"}],"wp:attachment":[{"href":"https:\/\/ecogestion-legt.enseigne.ac-lyon.fr\/legt\/wp-json\/wp\/v2\/media?parent=21687"}],"wp:term":[{"taxonomy":"category","embeddable":true,"href":"https:\/\/ecogestion-legt.enseigne.ac-lyon.fr\/legt\/wp-json\/wp\/v2\/categories?post=21687"},{"taxonomy":"post_tag","embeddable":true,"href":"https:\/\/ecogestion-legt.enseigne.ac-lyon.fr\/legt\/wp-json\/wp\/v2\/tags?post=21687"}],"curies":[{"name":"wp","href":"https:\/\/api.w.org\/{rel}","templated":true}]}}