
{"id":21658,"date":"2024-06-02T18:38:38","date_gmt":"2024-06-02T16:38:38","guid":{"rendered":"https:\/\/ecogestion-legt.enseigne.ac-lyon.fr\/legt\/?p=21658&#038;preview=true&#038;preview_id=21658"},"modified":"2024-09-16T11:51:52","modified_gmt":"2024-09-16T09:51:52","slug":"jeveuxaider-gouv-fr-est-la-plateforme-publique-du-benevolat","status":"publish","type":"post","link":"https:\/\/ecogestion-legt.enseigne.ac-lyon.fr\/legt\/jeveuxaider-gouv-fr-est-la-plateforme-publique-du-benevolat\/","title":{"rendered":"\u00c9coGest Lyon : JeVeuxAider.gouv.fr est la plateforme publique du b\u00e9n\u00e9volat &#8230;"},"content":{"rendered":"<p><a href=\"https:\/\/www.jeveuxaider.gouv.fr\/\">JeVeuxAider.gouv.fr<\/a> est la plateforme publique du b\u00e9n\u00e9volat, propos\u00e9e par la R\u00e9serve civique et port\u00e9e par la direction de la jeunesse, de l\u2019\u00e9ducation populaire et de la vie associative. Elle met en relation celles et ceux qui veulent agir pour l\u2019int\u00e9r\u00eat g\u00e9n\u00e9ral avec les associations, acteurs publics et collectivit\u00e9s territoriales qui ont besoin de b\u00e9n\u00e9voles.<\/p>\n<p>Grandement pl\u00e9biscit\u00e9e par les jeunes pour d\u00e9velopper un r\u00e9seau ou des comp\u00e9tences, les missions de b\u00e9n\u00e9volat sont ouvertes \u00e0 toute personne \u00e2g\u00e9e de plus de 16 ans et r\u00e9sidant en France, sans condition de nationalit\u00e9.<\/p>\n<p>Ne pas h\u00e9siter \u00e0 diffuser l\u2019information aupr\u00e8s de vos \u00e9l\u00e8ves.<\/p>\n<p>&nbsp;<\/p>\n","protected":false},"excerpt":{"rendered":"<p>JeVeuxAider.gouv.fr est la plateforme publique du b\u00e9n\u00e9volat, propos\u00e9e par la R\u00e9serve civique et port\u00e9e par la direction de la jeunesse, de l\u2019\u00e9ducation populaire et de la vie associative. Elle met en relation celles et ceux qui veulent agir pour l\u2019int\u00e9r\u00eat g\u00e9n\u00e9ral avec les associations, acteurs publics et collectivit\u00e9s territoriales qui ont besoin de b\u00e9n\u00e9voles. Grandement [&hellip;]<\/p>\n","protected":false},"author":17,"featured_media":21546,"comment_status":"closed","ping_status":"open","sticky":false,"template":"","format":"standard","meta":{"footnotes":""},"categories":[12],"tags":[558,559,573],"class_list":["post-21658","post","type-post","status-publish","format-standard","has-post-thumbnail","hentry","category-flashs","tag-ecogest","tag-formation","tag-economie-et-gestion"],"_links":{"self":[{"href":"https:\/\/ecogestion-legt.enseigne.ac-lyon.fr\/legt\/wp-json\/wp\/v2\/posts\/21658","targetHints":{"allow":["GET"]}}],"collection":[{"href":"https:\/\/ecogestion-legt.enseigne.ac-lyon.fr\/legt\/wp-json\/wp\/v2\/posts"}],"about":[{"href":"https:\/\/ecogestion-legt.enseigne.ac-lyon.fr\/legt\/wp-json\/wp\/v2\/types\/post"}],"author":[{"embeddable":true,"href":"https:\/\/ecogestion-legt.enseigne.ac-lyon.fr\/legt\/wp-json\/wp\/v2\/users\/17"}],"replies":[{"embeddable":true,"href":"https:\/\/ecogestion-legt.enseigne.ac-lyon.fr\/legt\/wp-json\/wp\/v2\/comments?post=21658"}],"version-history":[{"count":2,"href":"https:\/\/ecogestion-legt.enseigne.ac-lyon.fr\/legt\/wp-json\/wp\/v2\/posts\/21658\/revisions"}],"predecessor-version":[{"id":21660,"href":"https:\/\/ecogestion-legt.enseigne.ac-lyon.fr\/legt\/wp-json\/wp\/v2\/posts\/21658\/revisions\/21660"}],"wp:featuredmedia":[{"embeddable":true,"href":"https:\/\/ecogestion-legt.enseigne.ac-lyon.fr\/legt\/wp-json\/wp\/v2\/media\/21546"}],"wp:attachment":[{"href":"https:\/\/ecogestion-legt.enseigne.ac-lyon.fr\/legt\/wp-json\/wp\/v2\/media?parent=21658"}],"wp:term":[{"taxonomy":"category","embeddable":true,"href":"https:\/\/ecogestion-legt.enseigne.ac-lyon.fr\/legt\/wp-json\/wp\/v2\/categories?post=21658"},{"taxonomy":"post_tag","embeddable":true,"href":"https:\/\/ecogestion-legt.enseigne.ac-lyon.fr\/legt\/wp-json\/wp\/v2\/tags?post=21658"}],"curies":[{"name":"wp","href":"https:\/\/api.w.org\/{rel}","templated":true}]}}