
{"id":21630,"date":"2024-05-24T22:42:24","date_gmt":"2024-05-24T20:42:24","guid":{"rendered":"https:\/\/ecogestion-legt.enseigne.ac-lyon.fr\/legt\/?p=21630&#038;preview=true&#038;preview_id=21630"},"modified":"2024-09-16T11:52:03","modified_gmt":"2024-09-16T09:52:03","slug":"lecole-pour-tous-renforcement-de-la-prise-en-charge-des-eleves-en-situation-de-handicap","status":"publish","type":"post","link":"https:\/\/ecogestion-legt.enseigne.ac-lyon.fr\/legt\/lecole-pour-tous-renforcement-de-la-prise-en-charge-des-eleves-en-situation-de-handicap\/","title":{"rendered":"\u00c9coGest Lyon : L&rsquo;\u00c9cole pour tous : renforcement de la prise en charge des \u00e9l\u00e8ves en situation de handicap"},"content":{"rendered":"<p>\u00c0 la suite des annonces du Comit\u00e9 Interminist\u00e9riel du Handicap, Nicole Belloubet s&rsquo;est rendue le vendredi 17 mai 2024 au coll\u00e8ge de La Guyonnerie de Bures-sur-Yvette (Essonne). Un d\u00e9placement consacr\u00e9 \u00e0 la coop\u00e9ration entre le m\u00e9dico-social et l\u2019\u00e9cole, pour permettre la scolarisation des \u00e9l\u00e8ves polyhandicap\u00e9s.<\/p>\n<p><a href=\"https:\/\/www.education.gouv.fr\/l-ecole-pour-tous-renforcement-de-la-prise-en-charge-des-eleves-en-situation-de-handicap-414372\">L&rsquo;\u00c9cole pour tous : renforcement de la prise en charge des \u00e9l\u00e8ves en situation de handicap | Minist\u00e8re de l&rsquo;Education Nationale et de la Jeunesse<\/a><\/p>\n","protected":false},"excerpt":{"rendered":"<p>\u00c0 la suite des annonces du Comit\u00e9 Interminist\u00e9riel du Handicap, Nicole Belloubet s&rsquo;est rendue le vendredi 17 mai 2024 au coll\u00e8ge de La Guyonnerie de Bures-sur-Yvette (Essonne). Un d\u00e9placement consacr\u00e9 \u00e0 la coop\u00e9ration entre le m\u00e9dico-social et l\u2019\u00e9cole, pour permettre la scolarisation des \u00e9l\u00e8ves polyhandicap\u00e9s. L&rsquo;\u00c9cole pour tous : renforcement de la prise en charge [&hellip;]<\/p>\n","protected":false},"author":17,"featured_media":21546,"comment_status":"closed","ping_status":"open","sticky":false,"template":"","format":"standard","meta":{"footnotes":""},"categories":[12],"tags":[558,559,573],"class_list":["post-21630","post","type-post","status-publish","format-standard","has-post-thumbnail","hentry","category-flashs","tag-ecogest","tag-formation","tag-economie-et-gestion"],"_links":{"self":[{"href":"https:\/\/ecogestion-legt.enseigne.ac-lyon.fr\/legt\/wp-json\/wp\/v2\/posts\/21630","targetHints":{"allow":["GET"]}}],"collection":[{"href":"https:\/\/ecogestion-legt.enseigne.ac-lyon.fr\/legt\/wp-json\/wp\/v2\/posts"}],"about":[{"href":"https:\/\/ecogestion-legt.enseigne.ac-lyon.fr\/legt\/wp-json\/wp\/v2\/types\/post"}],"author":[{"embeddable":true,"href":"https:\/\/ecogestion-legt.enseigne.ac-lyon.fr\/legt\/wp-json\/wp\/v2\/users\/17"}],"replies":[{"embeddable":true,"href":"https:\/\/ecogestion-legt.enseigne.ac-lyon.fr\/legt\/wp-json\/wp\/v2\/comments?post=21630"}],"version-history":[{"count":2,"href":"https:\/\/ecogestion-legt.enseigne.ac-lyon.fr\/legt\/wp-json\/wp\/v2\/posts\/21630\/revisions"}],"predecessor-version":[{"id":21632,"href":"https:\/\/ecogestion-legt.enseigne.ac-lyon.fr\/legt\/wp-json\/wp\/v2\/posts\/21630\/revisions\/21632"}],"wp:featuredmedia":[{"embeddable":true,"href":"https:\/\/ecogestion-legt.enseigne.ac-lyon.fr\/legt\/wp-json\/wp\/v2\/media\/21546"}],"wp:attachment":[{"href":"https:\/\/ecogestion-legt.enseigne.ac-lyon.fr\/legt\/wp-json\/wp\/v2\/media?parent=21630"}],"wp:term":[{"taxonomy":"category","embeddable":true,"href":"https:\/\/ecogestion-legt.enseigne.ac-lyon.fr\/legt\/wp-json\/wp\/v2\/categories?post=21630"},{"taxonomy":"post_tag","embeddable":true,"href":"https:\/\/ecogestion-legt.enseigne.ac-lyon.fr\/legt\/wp-json\/wp\/v2\/tags?post=21630"}],"curies":[{"name":"wp","href":"https:\/\/api.w.org\/{rel}","templated":true}]}}