
{"id":21530,"date":"2024-05-10T18:02:47","date_gmt":"2024-05-10T16:02:47","guid":{"rendered":"https:\/\/ecogestion-legt.enseigne.ac-lyon.fr\/legt\/?p=21530&#038;preview=true&#038;preview_id=21530"},"modified":"2024-05-10T16:03:49","modified_gmt":"2024-05-10T14:03:49","slug":"lecole-un-sanctuaire-republicain","status":"publish","type":"post","link":"https:\/\/ecogestion-legt.enseigne.ac-lyon.fr\/legt\/lecole-un-sanctuaire-republicain\/","title":{"rendered":"\u00c9coGest Lyon : L\u2019\u00c9cole, un sanctuaire r\u00e9publicain"},"content":{"rendered":"<p>Face \u00e0 toutes les formes de violences qui traversent notre soci\u00e9t\u00e9, l\u2019\u00c9cole doit rester un sanctuaire r\u00e9publicain, au sein duquel la s\u00e9curit\u00e9 de chacun \u2013 \u00e9l\u00e8ve, professeur, personnel de direction, agent administratif ou encore intervenant \u2013 doit \u00eatre assur\u00e9e en permanence. Un plan interminist\u00e9riel est mis en place pour d\u00e9ployer un bouclier autour de l&rsquo;\u00e9cole et garantir la s\u00e9curit\u00e9 des \u00e9l\u00e8ves, des personnels et des \u00e9tablissements.<\/p>\n<p>Pour tout comprendre ;<\/p>\n<p><a href=\"https:\/\/www.education.gouv.fr\/plan-ministeriel-pour-la-securite-des-eleves-des-personnels-et-des-etablissements-scolaires-414081\">Plan minist\u00e9riel pour la s\u00e9curit\u00e9 des \u00e9l\u00e8ves, des personnels et des \u00e9tablissements scolaires | Minist\u00e8re de l&rsquo;Education Nationale et de la Jeunesse<\/a><\/p>\n<p>&nbsp;<\/p>\n<p>&nbsp;<\/p>\n","protected":false},"excerpt":{"rendered":"<p>Face \u00e0 toutes les formes de violences qui traversent notre soci\u00e9t\u00e9, l\u2019\u00c9cole doit rester un sanctuaire r\u00e9publicain, au sein duquel la s\u00e9curit\u00e9 de chacun \u2013 \u00e9l\u00e8ve, professeur, personnel de direction, agent administratif ou encore intervenant \u2013 doit \u00eatre assur\u00e9e en permanence. Un plan interminist\u00e9riel est mis en place pour d\u00e9ployer un bouclier autour de l&rsquo;\u00e9cole [&hellip;]<\/p>\n","protected":false},"author":17,"featured_media":0,"comment_status":"closed","ping_status":"open","sticky":false,"template":"","format":"standard","meta":{"footnotes":""},"categories":[12],"tags":[558,563,700,701,854],"class_list":["post-21530","post","type-post","status-publish","format-standard","hentry","category-flashs","tag-ecogest","tag-economie-gestion","tag-breve","tag-flash","tag-education-nationale"],"_links":{"self":[{"href":"https:\/\/ecogestion-legt.enseigne.ac-lyon.fr\/legt\/wp-json\/wp\/v2\/posts\/21530","targetHints":{"allow":["GET"]}}],"collection":[{"href":"https:\/\/ecogestion-legt.enseigne.ac-lyon.fr\/legt\/wp-json\/wp\/v2\/posts"}],"about":[{"href":"https:\/\/ecogestion-legt.enseigne.ac-lyon.fr\/legt\/wp-json\/wp\/v2\/types\/post"}],"author":[{"embeddable":true,"href":"https:\/\/ecogestion-legt.enseigne.ac-lyon.fr\/legt\/wp-json\/wp\/v2\/users\/17"}],"replies":[{"embeddable":true,"href":"https:\/\/ecogestion-legt.enseigne.ac-lyon.fr\/legt\/wp-json\/wp\/v2\/comments?post=21530"}],"version-history":[{"count":1,"href":"https:\/\/ecogestion-legt.enseigne.ac-lyon.fr\/legt\/wp-json\/wp\/v2\/posts\/21530\/revisions"}],"predecessor-version":[{"id":21531,"href":"https:\/\/ecogestion-legt.enseigne.ac-lyon.fr\/legt\/wp-json\/wp\/v2\/posts\/21530\/revisions\/21531"}],"wp:attachment":[{"href":"https:\/\/ecogestion-legt.enseigne.ac-lyon.fr\/legt\/wp-json\/wp\/v2\/media?parent=21530"}],"wp:term":[{"taxonomy":"category","embeddable":true,"href":"https:\/\/ecogestion-legt.enseigne.ac-lyon.fr\/legt\/wp-json\/wp\/v2\/categories?post=21530"},{"taxonomy":"post_tag","embeddable":true,"href":"https:\/\/ecogestion-legt.enseigne.ac-lyon.fr\/legt\/wp-json\/wp\/v2\/tags?post=21530"}],"curies":[{"name":"wp","href":"https:\/\/api.w.org\/{rel}","templated":true}]}}