
{"id":21489,"date":"2024-05-05T20:22:28","date_gmt":"2024-05-05T18:22:28","guid":{"rendered":"https:\/\/ecogestion-legt.enseigne.ac-lyon.fr\/legt\/?p=21489&#038;preview=true&#038;preview_id=21489"},"modified":"2024-05-05T22:17:00","modified_gmt":"2024-05-05T20:17:00","slug":"lentree-au-royaume-uni-pour-les-groupes-deleves-scolarises-en-france","status":"publish","type":"post","link":"https:\/\/ecogestion-legt.enseigne.ac-lyon.fr\/legt\/lentree-au-royaume-uni-pour-les-groupes-deleves-scolarises-en-france\/","title":{"rendered":"\u00c9coGest Lyon : Appel \u00e0 candidatures : important"},"content":{"rendered":"<p>Dans le cadre des nouvelles modalit\u00e9s d&rsquo;organisation de la formation continue \u00e0 la rentr\u00e9e 2024, l\u2019EAFC envisage de constituer un vivier de formateurs acad\u00e9miques \u00e0 valence disciplinaire. Ces formateurs, qui seraient rattach\u00e9s \u00e0 l&rsquo;EAFC et plac\u00e9s sous un double pilotage de l&rsquo;EAFC et des inspecteurs de la discipline, b\u00e9n\u00e9ficient d&rsquo;une d\u00e9charge hebdomadaire de trois heures pour assurer des interventions en formation continue. Merci de faire acte de candidature aupr\u00e8s, des inspecteurs \u00e9conomie et gestion par mail directement avant\u00a0 le lundi 27 mai prochain, d\u00e9lai de rigueur. Vous trouverez en pi\u00e8ce jointe la fiche de poste qui d\u00e9taille le cadre, les modalit\u00e9s d&rsquo;exercice et les missions du formateur acad\u00e9mique \u00e0 valence disciplinaire.<\/p>\n<p>&nbsp;<\/p>\n<p>La fiche profil de poste \u00e0 t\u00e9l\u00e9charger[gview file=\u00a0\u00bbhttps:\/\/ecogestion-legt.enseigne.ac-lyon.fr\/legt\/wp-content\/uploads\/2024\/05\/Fiche-de-poste_FA-disciplinaire_2024-2025.pdf\u00a0\u00bb]<\/p>\n<p>&nbsp;<\/p>\n","protected":false},"excerpt":{"rendered":"<p>Dans le cadre des nouvelles modalit\u00e9s d&rsquo;organisation de la formation continue \u00e0 la rentr\u00e9e 2024, l\u2019EAFC envisage de constituer un vivier de formateurs acad\u00e9miques \u00e0 valence disciplinaire. Ces formateurs, qui seraient rattach\u00e9s \u00e0 l&rsquo;EAFC et plac\u00e9s sous un double pilotage de l&rsquo;EAFC et des inspecteurs de la discipline, b\u00e9n\u00e9ficient d&rsquo;une d\u00e9charge hebdomadaire de trois heures [&hellip;]<\/p>\n","protected":false},"author":17,"featured_media":0,"comment_status":"closed","ping_status":"open","sticky":false,"template":"","format":"standard","meta":{"footnotes":""},"categories":[12],"tags":[558,563,700,701,854],"class_list":["post-21489","post","type-post","status-publish","format-standard","hentry","category-flashs","tag-ecogest","tag-economie-gestion","tag-breve","tag-flash","tag-education-nationale"],"_links":{"self":[{"href":"https:\/\/ecogestion-legt.enseigne.ac-lyon.fr\/legt\/wp-json\/wp\/v2\/posts\/21489","targetHints":{"allow":["GET"]}}],"collection":[{"href":"https:\/\/ecogestion-legt.enseigne.ac-lyon.fr\/legt\/wp-json\/wp\/v2\/posts"}],"about":[{"href":"https:\/\/ecogestion-legt.enseigne.ac-lyon.fr\/legt\/wp-json\/wp\/v2\/types\/post"}],"author":[{"embeddable":true,"href":"https:\/\/ecogestion-legt.enseigne.ac-lyon.fr\/legt\/wp-json\/wp\/v2\/users\/17"}],"replies":[{"embeddable":true,"href":"https:\/\/ecogestion-legt.enseigne.ac-lyon.fr\/legt\/wp-json\/wp\/v2\/comments?post=21489"}],"version-history":[{"count":4,"href":"https:\/\/ecogestion-legt.enseigne.ac-lyon.fr\/legt\/wp-json\/wp\/v2\/posts\/21489\/revisions"}],"predecessor-version":[{"id":21503,"href":"https:\/\/ecogestion-legt.enseigne.ac-lyon.fr\/legt\/wp-json\/wp\/v2\/posts\/21489\/revisions\/21503"}],"wp:attachment":[{"href":"https:\/\/ecogestion-legt.enseigne.ac-lyon.fr\/legt\/wp-json\/wp\/v2\/media?parent=21489"}],"wp:term":[{"taxonomy":"category","embeddable":true,"href":"https:\/\/ecogestion-legt.enseigne.ac-lyon.fr\/legt\/wp-json\/wp\/v2\/categories?post=21489"},{"taxonomy":"post_tag","embeddable":true,"href":"https:\/\/ecogestion-legt.enseigne.ac-lyon.fr\/legt\/wp-json\/wp\/v2\/tags?post=21489"}],"curies":[{"name":"wp","href":"https:\/\/api.w.org\/{rel}","templated":true}]}}