
{"id":21460,"date":"2024-04-26T21:30:17","date_gmt":"2024-04-26T19:30:17","guid":{"rendered":"https:\/\/ecogestion-legt.enseigne.ac-lyon.fr\/legt\/?p=21460&#038;preview=true&#038;preview_id=21460"},"modified":"2024-04-27T14:31:53","modified_gmt":"2024-04-27T12:31:53","slug":"un-accord-historique-pour-la-protection-sociale-complementaire","status":"publish","type":"post","link":"https:\/\/ecogestion-legt.enseigne.ac-lyon.fr\/legt\/un-accord-historique-pour-la-protection-sociale-complementaire\/","title":{"rendered":"\u00c9coGest Lyon : Un accord historique pour la protection sociale compl\u00e9mentaire"},"content":{"rendered":"<p>Le 8 avril 2024, les ministres charg\u00e9s respectivement de l&rsquo;\u00c9ducation nationale et de la Jeunesse, de l&rsquo;Enseignement sup\u00e9rieur et de la Recherche, des Sports et des Jeux Olympiques et Paralympiques ont sign\u00e9 un accord historique pour la protection sociale compl\u00e9mentaire.<\/p>\n<p>Cet accord concerne 1,4 millions d&rsquo;agents et leurs ayants droit, ainsi que les retrait\u00e9s des trois minist\u00e8res, soit environ 3 millions de b\u00e9n\u00e9ficiaires. C&rsquo;est l&rsquo;aboutissement d&rsquo;une n\u00e9gociation conduite avec les organisations syndicales repr\u00e9sentatives des personnels et qui leur assurera des conditions comparables \u00e0 celles des salari\u00e9s du priv\u00e9. Les avanc\u00e9es incluses dans cet accord sont significatives :<br \/>\n. des garanties \u00e9tendues en sant\u00e9 et en pr\u00e9voyance, avec une adh\u00e9sion obligatoire en sant\u00e9 pour les personnels et une prise en charge de leur cotisation \u00e0 hauteur de 50% par l&#8217;employeur ;<br \/>\n. des options compl\u00e9mentaires au panier de soins interminist\u00e9riel pour une meilleure protection, offrant ainsi un choix adapt\u00e9 \u00e0 chaque situation ;<br \/>\n. des m\u00e9canismes de solidarit\u00e9 renforc\u00e9s envers les retrait\u00e9s et les familles ;<br \/>\n. la cr\u00e9ation d&rsquo;un fonds d&rsquo;accompagnement social pour soutenir les b\u00e9n\u00e9ficiaires les plus vuln\u00e9rables ;<br \/>\n.\u00a0 des actions de pr\u00e9vention en sant\u00e9 pour promouvoir le bien-\u00eatre au sein de nos effectifs.<\/p>\n<p>Cet accord majoritaire sera repris dans les appels publics \u00e0 concurrence qui permettront de d\u00e9signer l\u2019organisme de protection sociale compl\u00e9mentaire pour chacun des r\u00e9gimes (sant\u00e9 et pr\u00e9voyance). Il s&rsquo;agit ainsi de construire un environnement de travail plus s\u00e9curis\u00e9 et respectueux, o\u00f9 chaque agent peut s&rsquo;\u00e9panouir et contribuer pleinement \u00e0 notre mission collective.<\/p>\n","protected":false},"excerpt":{"rendered":"<p>Le 8 avril 2024, les ministres charg\u00e9s respectivement de l&rsquo;\u00c9ducation nationale et de la Jeunesse, de l&rsquo;Enseignement sup\u00e9rieur et de la Recherche, des Sports et des Jeux Olympiques et Paralympiques ont sign\u00e9 un accord historique pour la protection sociale compl\u00e9mentaire. Cet accord concerne 1,4 millions d&rsquo;agents et leurs ayants droit, ainsi que les retrait\u00e9s des [&hellip;]<\/p>\n","protected":false},"author":17,"featured_media":0,"comment_status":"closed","ping_status":"open","sticky":false,"template":"","format":"standard","meta":{"footnotes":""},"categories":[12],"tags":[558,563,700,701,854],"class_list":["post-21460","post","type-post","status-publish","format-standard","hentry","category-flashs","tag-ecogest","tag-economie-gestion","tag-breve","tag-flash","tag-education-nationale"],"_links":{"self":[{"href":"https:\/\/ecogestion-legt.enseigne.ac-lyon.fr\/legt\/wp-json\/wp\/v2\/posts\/21460","targetHints":{"allow":["GET"]}}],"collection":[{"href":"https:\/\/ecogestion-legt.enseigne.ac-lyon.fr\/legt\/wp-json\/wp\/v2\/posts"}],"about":[{"href":"https:\/\/ecogestion-legt.enseigne.ac-lyon.fr\/legt\/wp-json\/wp\/v2\/types\/post"}],"author":[{"embeddable":true,"href":"https:\/\/ecogestion-legt.enseigne.ac-lyon.fr\/legt\/wp-json\/wp\/v2\/users\/17"}],"replies":[{"embeddable":true,"href":"https:\/\/ecogestion-legt.enseigne.ac-lyon.fr\/legt\/wp-json\/wp\/v2\/comments?post=21460"}],"version-history":[{"count":1,"href":"https:\/\/ecogestion-legt.enseigne.ac-lyon.fr\/legt\/wp-json\/wp\/v2\/posts\/21460\/revisions"}],"predecessor-version":[{"id":21461,"href":"https:\/\/ecogestion-legt.enseigne.ac-lyon.fr\/legt\/wp-json\/wp\/v2\/posts\/21460\/revisions\/21461"}],"wp:attachment":[{"href":"https:\/\/ecogestion-legt.enseigne.ac-lyon.fr\/legt\/wp-json\/wp\/v2\/media?parent=21460"}],"wp:term":[{"taxonomy":"category","embeddable":true,"href":"https:\/\/ecogestion-legt.enseigne.ac-lyon.fr\/legt\/wp-json\/wp\/v2\/categories?post=21460"},{"taxonomy":"post_tag","embeddable":true,"href":"https:\/\/ecogestion-legt.enseigne.ac-lyon.fr\/legt\/wp-json\/wp\/v2\/tags?post=21460"}],"curies":[{"name":"wp","href":"https:\/\/api.w.org\/{rel}","templated":true}]}}