
{"id":21196,"date":"2024-03-18T04:16:04","date_gmt":"2024-03-18T03:16:04","guid":{"rendered":"https:\/\/ecogestion-legt.enseigne.ac-lyon.fr\/legt\/?p=21196&#038;preview=true&#038;preview_id=21196"},"modified":"2024-03-17T18:55:35","modified_gmt":"2024-03-17T17:55:35","slug":"entreprise-association-service-public-comment-accueillir-un-eleve-de-seconde-generale-et-technologique-en-stage-dobservation","status":"publish","type":"post","link":"https:\/\/ecogestion-legt.enseigne.ac-lyon.fr\/legt\/entreprise-association-service-public-comment-accueillir-un-eleve-de-seconde-generale-et-technologique-en-stage-dobservation\/","title":{"rendered":"\u00c9coGest Lyon : Deux br\u00e8ves pour cette semaine : le stage d\u2019observation et l\u2019\u00e9ducation financi\u00e8re\u00a0"},"content":{"rendered":"<h2>Entreprise, association, service public : comment accueillir un \u00e9l\u00e8ve de seconde g\u00e9n\u00e9rale et technologique en stage d\u2019observation<\/h2>\n<p>&nbsp;<\/p>\n<p>Vous \u00eates entrepreneur, artisan, directeur des ressources humaines ? Accueillir un stagiaire est une opportunit\u00e9 nouvelle de renforcer votre lien avec la jeunesse de votre r\u00e9gion, de valoriser votre fili\u00e8re, vos savoir-faire et de faire reconnaitre vos m\u00e9tiers, chez les jeunes et leur famille, comme des choix d\u2019avenir:<\/p>\n<p><a href=\"https:\/\/www.education.gouv.fr\/entreprise-association-service-public-comment-accueillir-un-eleve-de-seconde-generale-et-413793\">Entreprise, association, service public : comment accueillir un \u00e9l\u00e8ve de seconde g\u00e9n\u00e9rale et technologique en stage d\u2019observation | Minist\u00e8re de l&rsquo;Education Nationale et de la Jeunesse<\/a><\/p>\n<p style=\"text-align: center;\"><a href=\"https:\/\/www.education.gouv.fr\/entreprise-association-service-public-comment-accueillir-un-eleve-de-seconde-generale-et-413793\"><img loading=\"lazy\" decoding=\"async\" class=\"alignnone size-full wp-image-21192\" src=\"https:\/\/ecogestion-legt.enseigne.ac-lyon.fr\/legt\/wp-content\/uploads\/2024\/03\/stage.png\" alt=\"\" width=\"610\" height=\"340\" srcset=\"https:\/\/ecogestion-legt.enseigne.ac-lyon.fr\/legt\/wp-content\/uploads\/2024\/03\/stage.png 610w, https:\/\/ecogestion-legt.enseigne.ac-lyon.fr\/legt\/wp-content\/uploads\/2024\/03\/stage-300x167.png 300w, https:\/\/ecogestion-legt.enseigne.ac-lyon.fr\/legt\/wp-content\/uploads\/2024\/03\/stage-170x95.png 170w, https:\/\/ecogestion-legt.enseigne.ac-lyon.fr\/legt\/wp-content\/uploads\/2024\/03\/stage-90x50.png 90w, https:\/\/ecogestion-legt.enseigne.ac-lyon.fr\/legt\/wp-content\/uploads\/2024\/03\/stage-370x206.png 370w, https:\/\/ecogestion-legt.enseigne.ac-lyon.fr\/legt\/wp-content\/uploads\/2024\/03\/stage-288x160.png 288w, https:\/\/ecogestion-legt.enseigne.ac-lyon.fr\/legt\/wp-content\/uploads\/2024\/03\/stage-200x111.png 200w\" sizes=\"auto, (max-width: 610px) 100vw, 610px\" \/><\/a><\/p>\n<p>&nbsp;<\/p>\n<h2>La semaine de l\u2019\u00e9ducation financi\u00e8re<\/h2>\n<p>&nbsp;<\/p>\n<p>Cette ann\u00e9e, la \u00ab Global Money Week \u00bb, semaine de l\u2019\u00e9ducation financi\u00e8re en France, a lieu du 18 au 24 mars 2024. Le th\u00e8me de cette \u00e9dition est \u00ab Protect your money, secure your future \u00bb, \u00ab Prot\u00e8ge ton argent, assure ton avenir ! \u00bb.<\/p>\n<p>Vous trouverez sur le site internet de la Banque de France \u201cMes questions d\u2019argent\u201d un acc\u00e8s \u00e0 des tables rondes sur diverses th\u00e9matiques. Vous avez \u00e9galement acc\u00e8s \u00e0 diverses ressources comme des vid\u00e9os p\u00e9dagogiques.<\/p>\n<p><a href=\"https:\/\/www.mesquestionsdargent.fr\/budget\/semaine-education-financiere-2024\">Lien vers la semaine de l\u2019\u00e9ducation financi\u00e8re<\/a><\/p>\n<p><a href=\"https:\/\/www.mesquestionsdentrepreneur.fr\/espace-enseignants-accompagnateurs\/videos-pedagogiques\">Lien vers les vid\u00e9os p\u00e9dagogiques<\/a><\/p>\n<p>&nbsp;<\/p>\n<p><img loading=\"lazy\" decoding=\"async\" class=\"alignnone size-full wp-image-21206 aligncenter\" src=\"https:\/\/ecogestion-legt.enseigne.ac-lyon.fr\/legt\/wp-content\/uploads\/2024\/03\/Visuel_SEF_20245.png\" alt=\"\" width=\"360\" height=\"190\" srcset=\"https:\/\/ecogestion-legt.enseigne.ac-lyon.fr\/legt\/wp-content\/uploads\/2024\/03\/Visuel_SEF_20245.png 360w, https:\/\/ecogestion-legt.enseigne.ac-lyon.fr\/legt\/wp-content\/uploads\/2024\/03\/Visuel_SEF_20245-300x158.png 300w, https:\/\/ecogestion-legt.enseigne.ac-lyon.fr\/legt\/wp-content\/uploads\/2024\/03\/Visuel_SEF_20245-170x90.png 170w, https:\/\/ecogestion-legt.enseigne.ac-lyon.fr\/legt\/wp-content\/uploads\/2024\/03\/Visuel_SEF_20245-90x48.png 90w, https:\/\/ecogestion-legt.enseigne.ac-lyon.fr\/legt\/wp-content\/uploads\/2024\/03\/Visuel_SEF_20245-200x106.png 200w\" sizes=\"auto, (max-width: 360px) 100vw, 360px\" \/><\/p>\n<p>&nbsp;<\/p>\n<p>&nbsp;<\/p>\n","protected":false},"excerpt":{"rendered":"<p>Entreprise, association, service public : comment accueillir un \u00e9l\u00e8ve de seconde g\u00e9n\u00e9rale et technologique en stage d\u2019observation &nbsp; Vous \u00eates entrepreneur, artisan, directeur des ressources humaines ? Accueillir un stagiaire est une opportunit\u00e9 nouvelle de renforcer votre lien avec la jeunesse de votre r\u00e9gion, de valoriser votre fili\u00e8re, vos savoir-faire et de faire reconnaitre vos [&hellip;]<\/p>\n","protected":false},"author":17,"featured_media":0,"comment_status":"closed","ping_status":"open","sticky":false,"template":"","format":"standard","meta":{"footnotes":""},"categories":[12],"tags":[558,563,700,701,854,863],"class_list":["post-21196","post","type-post","status-publish","format-standard","hentry","category-flashs","tag-ecogest","tag-economie-gestion","tag-breve","tag-flash","tag-education-nationale","tag-college"],"_links":{"self":[{"href":"https:\/\/ecogestion-legt.enseigne.ac-lyon.fr\/legt\/wp-json\/wp\/v2\/posts\/21196","targetHints":{"allow":["GET"]}}],"collection":[{"href":"https:\/\/ecogestion-legt.enseigne.ac-lyon.fr\/legt\/wp-json\/wp\/v2\/posts"}],"about":[{"href":"https:\/\/ecogestion-legt.enseigne.ac-lyon.fr\/legt\/wp-json\/wp\/v2\/types\/post"}],"author":[{"embeddable":true,"href":"https:\/\/ecogestion-legt.enseigne.ac-lyon.fr\/legt\/wp-json\/wp\/v2\/users\/17"}],"replies":[{"embeddable":true,"href":"https:\/\/ecogestion-legt.enseigne.ac-lyon.fr\/legt\/wp-json\/wp\/v2\/comments?post=21196"}],"version-history":[{"count":4,"href":"https:\/\/ecogestion-legt.enseigne.ac-lyon.fr\/legt\/wp-json\/wp\/v2\/posts\/21196\/revisions"}],"predecessor-version":[{"id":21217,"href":"https:\/\/ecogestion-legt.enseigne.ac-lyon.fr\/legt\/wp-json\/wp\/v2\/posts\/21196\/revisions\/21217"}],"wp:attachment":[{"href":"https:\/\/ecogestion-legt.enseigne.ac-lyon.fr\/legt\/wp-json\/wp\/v2\/media?parent=21196"}],"wp:term":[{"taxonomy":"category","embeddable":true,"href":"https:\/\/ecogestion-legt.enseigne.ac-lyon.fr\/legt\/wp-json\/wp\/v2\/categories?post=21196"},{"taxonomy":"post_tag","embeddable":true,"href":"https:\/\/ecogestion-legt.enseigne.ac-lyon.fr\/legt\/wp-json\/wp\/v2\/tags?post=21196"}],"curies":[{"name":"wp","href":"https:\/\/api.w.org\/{rel}","templated":true}]}}