
{"id":21131,"date":"2024-03-11T04:59:36","date_gmt":"2024-03-11T03:59:36","guid":{"rendered":"https:\/\/ecogestion-legt.enseigne.ac-lyon.fr\/legt\/?p=21131&#038;preview=true&#038;preview_id=21131"},"modified":"2024-03-10T17:07:31","modified_gmt":"2024-03-10T16:07:31","slug":"la-tenue-vestimentaire-experimentation","status":"publish","type":"post","link":"https:\/\/ecogestion-legt.enseigne.ac-lyon.fr\/legt\/la-tenue-vestimentaire-experimentation\/","title":{"rendered":"\u00c9coGest Lyon : La tenue vestimentaire, exp\u00e9rimentation"},"content":{"rendered":"<p>L&rsquo;exp\u00e9rimentation d&rsquo;une tenue commune \u00e0 tous les \u00e9l\u00e8ves est lanc\u00e9e en 2024 aupr\u00e8s des collectivit\u00e9s territoriales, \u00e9coles et \u00e9tablissements volontaires. L&rsquo;objectif est de renforcer la coh\u00e9sion entre \u00e9l\u00e8ves et d\u2019am\u00e9liorer le climat scolaire. \u00c0 l&rsquo;issue de son \u00e9valuation, si les r\u00e9sultats sont concluants, la tenue commune sera g\u00e9n\u00e9ralis\u00e9e en 2026.<\/p>\n<p>Pour tout savoir : <a href=\"https:\/\/www.education.gouv.fr\/tout-savoir-sur-l-experimentation-d-une-tenue-vestimentaire-commune-l-ecole-380643\">Tout savoir sur l&rsquo;exp\u00e9rimentation d&rsquo;une tenue vestimentaire commune \u00e0 l\u2019\u00c9cole | Minist\u00e8re de l&rsquo;Education Nationale et de la Jeunesse<\/a><\/p>\n<p>&nbsp;<\/p>\n","protected":false},"excerpt":{"rendered":"<p>L&rsquo;exp\u00e9rimentation d&rsquo;une tenue commune \u00e0 tous les \u00e9l\u00e8ves est lanc\u00e9e en 2024 aupr\u00e8s des collectivit\u00e9s territoriales, \u00e9coles et \u00e9tablissements volontaires. L&rsquo;objectif est de renforcer la coh\u00e9sion entre \u00e9l\u00e8ves et d\u2019am\u00e9liorer le climat scolaire. \u00c0 l&rsquo;issue de son \u00e9valuation, si les r\u00e9sultats sont concluants, la tenue commune sera g\u00e9n\u00e9ralis\u00e9e en 2026. Pour tout savoir : Tout [&hellip;]<\/p>\n","protected":false},"author":17,"featured_media":0,"comment_status":"closed","ping_status":"open","sticky":false,"template":"","format":"standard","meta":{"footnotes":""},"categories":[12],"tags":[558,563,700,701,854,863],"class_list":["post-21131","post","type-post","status-publish","format-standard","hentry","category-flashs","tag-ecogest","tag-economie-gestion","tag-breve","tag-flash","tag-education-nationale","tag-college"],"_links":{"self":[{"href":"https:\/\/ecogestion-legt.enseigne.ac-lyon.fr\/legt\/wp-json\/wp\/v2\/posts\/21131","targetHints":{"allow":["GET"]}}],"collection":[{"href":"https:\/\/ecogestion-legt.enseigne.ac-lyon.fr\/legt\/wp-json\/wp\/v2\/posts"}],"about":[{"href":"https:\/\/ecogestion-legt.enseigne.ac-lyon.fr\/legt\/wp-json\/wp\/v2\/types\/post"}],"author":[{"embeddable":true,"href":"https:\/\/ecogestion-legt.enseigne.ac-lyon.fr\/legt\/wp-json\/wp\/v2\/users\/17"}],"replies":[{"embeddable":true,"href":"https:\/\/ecogestion-legt.enseigne.ac-lyon.fr\/legt\/wp-json\/wp\/v2\/comments?post=21131"}],"version-history":[{"count":1,"href":"https:\/\/ecogestion-legt.enseigne.ac-lyon.fr\/legt\/wp-json\/wp\/v2\/posts\/21131\/revisions"}],"predecessor-version":[{"id":21132,"href":"https:\/\/ecogestion-legt.enseigne.ac-lyon.fr\/legt\/wp-json\/wp\/v2\/posts\/21131\/revisions\/21132"}],"wp:attachment":[{"href":"https:\/\/ecogestion-legt.enseigne.ac-lyon.fr\/legt\/wp-json\/wp\/v2\/media?parent=21131"}],"wp:term":[{"taxonomy":"category","embeddable":true,"href":"https:\/\/ecogestion-legt.enseigne.ac-lyon.fr\/legt\/wp-json\/wp\/v2\/categories?post=21131"},{"taxonomy":"post_tag","embeddable":true,"href":"https:\/\/ecogestion-legt.enseigne.ac-lyon.fr\/legt\/wp-json\/wp\/v2\/tags?post=21131"}],"curies":[{"name":"wp","href":"https:\/\/api.w.org\/{rel}","templated":true}]}}