
{"id":21039,"date":"2024-02-12T05:00:10","date_gmt":"2024-02-12T04:00:10","guid":{"rendered":"https:\/\/ecogestion-legt.enseigne.ac-lyon.fr\/legt\/?p=21039&#038;preview=true&#038;preview_id=21039"},"modified":"2024-02-10T17:54:20","modified_gmt":"2024-02-10T16:54:20","slug":"le-palais-de-lelysee-a-annonce-le-8-fevrier-2024-la-nomination-du-gouvernement-de-gabriel-attal-madame-nicole-belloubet-est-nommee-ministre-de-leducation-nationale-et-de-la-jeunesse","status":"publish","type":"post","link":"https:\/\/ecogestion-legt.enseigne.ac-lyon.fr\/legt\/le-palais-de-lelysee-a-annonce-le-8-fevrier-2024-la-nomination-du-gouvernement-de-gabriel-attal-madame-nicole-belloubet-est-nommee-ministre-de-leducation-nationale-et-de-la-jeunesse\/","title":{"rendered":"\u00c9coGest Lyon : Le Palais de l&rsquo;\u00c9lys\u00e9e a annonc\u00e9, le 8 f\u00e9vrier 2024, la nomination du gouvernement de Gabriel Attal, madame Nicole Belloubet est nomm\u00e9e ministre de l\u2019\u00c9ducation nationale et de la Jeunesse."},"content":{"rendered":"<p>Le Palais de l&rsquo;\u00c9lys\u00e9e a annonc\u00e9, le 8 f\u00e9vrier 2024, la nomination du gouvernement de Gabriel Attal, madame Nicole Belloubet est nomm\u00e9e ministre de l\u2019\u00c9ducation nationale et de la Jeunesse.<\/p>\n<p>Madame Sarah El Ha\u00efry, est nomm\u00e9e ministre d\u00e9l\u00e9gu\u00e9e aupr\u00e8s de la ministre du Travail, de la Sant\u00e9 et des Solidarit\u00e9s, de la ministre de l\u2019\u00c9ducation nationale et de la Jeunesse et du garde des Sceaux, ministre de la Justice, charg\u00e9e de l\u2019Enfance, de la Jeunesse et des Familles.<\/p>\n<p>Nicole Belloubet, ministre de l&rsquo;\u00c9ducation nationale et de la Jeunesse | Minist\u00e8re de l\u2019\u00c9ducation Nationale et de la Jeunesse<\/p>\n","protected":false},"excerpt":{"rendered":"<p>Le Palais de l&rsquo;\u00c9lys\u00e9e a annonc\u00e9, le 8 f\u00e9vrier 2024, la nomination du gouvernement de Gabriel Attal, madame Nicole Belloubet est nomm\u00e9e ministre de l\u2019\u00c9ducation nationale et de la Jeunesse. Madame Sarah El Ha\u00efry, est nomm\u00e9e ministre d\u00e9l\u00e9gu\u00e9e aupr\u00e8s de la ministre du Travail, de la Sant\u00e9 et des Solidarit\u00e9s, de la ministre de l\u2019\u00c9ducation [&hellip;]<\/p>\n","protected":false},"author":17,"featured_media":0,"comment_status":"closed","ping_status":"open","sticky":false,"template":"","format":"standard","meta":{"footnotes":""},"categories":[12],"tags":[558,563,700,701,854,863],"class_list":["post-21039","post","type-post","status-publish","format-standard","hentry","category-flashs","tag-ecogest","tag-economie-gestion","tag-breve","tag-flash","tag-education-nationale","tag-college"],"_links":{"self":[{"href":"https:\/\/ecogestion-legt.enseigne.ac-lyon.fr\/legt\/wp-json\/wp\/v2\/posts\/21039","targetHints":{"allow":["GET"]}}],"collection":[{"href":"https:\/\/ecogestion-legt.enseigne.ac-lyon.fr\/legt\/wp-json\/wp\/v2\/posts"}],"about":[{"href":"https:\/\/ecogestion-legt.enseigne.ac-lyon.fr\/legt\/wp-json\/wp\/v2\/types\/post"}],"author":[{"embeddable":true,"href":"https:\/\/ecogestion-legt.enseigne.ac-lyon.fr\/legt\/wp-json\/wp\/v2\/users\/17"}],"replies":[{"embeddable":true,"href":"https:\/\/ecogestion-legt.enseigne.ac-lyon.fr\/legt\/wp-json\/wp\/v2\/comments?post=21039"}],"version-history":[{"count":1,"href":"https:\/\/ecogestion-legt.enseigne.ac-lyon.fr\/legt\/wp-json\/wp\/v2\/posts\/21039\/revisions"}],"predecessor-version":[{"id":21040,"href":"https:\/\/ecogestion-legt.enseigne.ac-lyon.fr\/legt\/wp-json\/wp\/v2\/posts\/21039\/revisions\/21040"}],"wp:attachment":[{"href":"https:\/\/ecogestion-legt.enseigne.ac-lyon.fr\/legt\/wp-json\/wp\/v2\/media?parent=21039"}],"wp:term":[{"taxonomy":"category","embeddable":true,"href":"https:\/\/ecogestion-legt.enseigne.ac-lyon.fr\/legt\/wp-json\/wp\/v2\/categories?post=21039"},{"taxonomy":"post_tag","embeddable":true,"href":"https:\/\/ecogestion-legt.enseigne.ac-lyon.fr\/legt\/wp-json\/wp\/v2\/tags?post=21039"}],"curies":[{"name":"wp","href":"https:\/\/api.w.org\/{rel}","templated":true}]}}