
{"id":20959,"date":"2024-02-05T05:04:20","date_gmt":"2024-02-05T04:04:20","guid":{"rendered":"https:\/\/ecogestion-legt.enseigne.ac-lyon.fr\/legt\/?p=20959&#038;preview=true&#038;preview_id=20959"},"modified":"2024-02-04T11:07:15","modified_gmt":"2024-02-04T10:07:15","slug":"stage-en-seconde","status":"publish","type":"post","link":"https:\/\/ecogestion-legt.enseigne.ac-lyon.fr\/legt\/stage-en-seconde\/","title":{"rendered":"\u00c9coGest Lyon : Stage en seconde"},"content":{"rendered":"<p>Un stage est instaur\u00e9 pour l\u2019ensemble des 550 000 \u00e9l\u00e8ves de seconde g\u00e9n\u00e9rale et technologique d\u00e8s juin 2024. Ce stage d\u2019observation se d\u00e9roule en entreprise, en administration ou en association et dure deux semaines, du 17 au 28 juin 2024. Chaque lyc\u00e9en peut ainsi approfondir sa d\u00e9couverte des m\u00e9tiers et \u00eatre aid\u00e9 \u00e0 pr\u00e9parer ses choix d\u2019orientation.<\/p>\n<p>Pour tout savoir : <a href=\"https:\/\/www.education.gouv.fr\/reussir-au-lycee\/un-stage-en-juin-pour-les-eleves-de-seconde-generale-et-technologique-380196\" target=\"_blank\" rel=\"noopener\">Un stage en juin pour les \u00e9l\u00e8ves de seconde g\u00e9n\u00e9rale et technologique | Minist\u00e8re de l&rsquo;Education Nationale, de la Jeunesse, des Sports et des Jeux Olympiques et Paralympiques<\/a><\/p>\n","protected":false},"excerpt":{"rendered":"<p>Un stage est instaur\u00e9 pour l\u2019ensemble des 550 000 \u00e9l\u00e8ves de seconde g\u00e9n\u00e9rale et technologique d\u00e8s juin 2024. Ce stage d\u2019observation se d\u00e9roule en entreprise, en administration ou en association et dure deux semaines, du 17 au 28 juin 2024. Chaque lyc\u00e9en peut ainsi approfondir sa d\u00e9couverte des m\u00e9tiers et \u00eatre aid\u00e9 \u00e0 pr\u00e9parer ses [&hellip;]<\/p>\n","protected":false},"author":17,"featured_media":0,"comment_status":"closed","ping_status":"open","sticky":false,"template":"","format":"standard","meta":{"footnotes":""},"categories":[12],"tags":[558,563,700,701,854,863],"class_list":["post-20959","post","type-post","status-publish","format-standard","hentry","category-flashs","tag-ecogest","tag-economie-gestion","tag-breve","tag-flash","tag-education-nationale","tag-college"],"_links":{"self":[{"href":"https:\/\/ecogestion-legt.enseigne.ac-lyon.fr\/legt\/wp-json\/wp\/v2\/posts\/20959","targetHints":{"allow":["GET"]}}],"collection":[{"href":"https:\/\/ecogestion-legt.enseigne.ac-lyon.fr\/legt\/wp-json\/wp\/v2\/posts"}],"about":[{"href":"https:\/\/ecogestion-legt.enseigne.ac-lyon.fr\/legt\/wp-json\/wp\/v2\/types\/post"}],"author":[{"embeddable":true,"href":"https:\/\/ecogestion-legt.enseigne.ac-lyon.fr\/legt\/wp-json\/wp\/v2\/users\/17"}],"replies":[{"embeddable":true,"href":"https:\/\/ecogestion-legt.enseigne.ac-lyon.fr\/legt\/wp-json\/wp\/v2\/comments?post=20959"}],"version-history":[{"count":2,"href":"https:\/\/ecogestion-legt.enseigne.ac-lyon.fr\/legt\/wp-json\/wp\/v2\/posts\/20959\/revisions"}],"predecessor-version":[{"id":20961,"href":"https:\/\/ecogestion-legt.enseigne.ac-lyon.fr\/legt\/wp-json\/wp\/v2\/posts\/20959\/revisions\/20961"}],"wp:attachment":[{"href":"https:\/\/ecogestion-legt.enseigne.ac-lyon.fr\/legt\/wp-json\/wp\/v2\/media?parent=20959"}],"wp:term":[{"taxonomy":"category","embeddable":true,"href":"https:\/\/ecogestion-legt.enseigne.ac-lyon.fr\/legt\/wp-json\/wp\/v2\/categories?post=20959"},{"taxonomy":"post_tag","embeddable":true,"href":"https:\/\/ecogestion-legt.enseigne.ac-lyon.fr\/legt\/wp-json\/wp\/v2\/tags?post=20959"}],"curies":[{"name":"wp","href":"https:\/\/api.w.org\/{rel}","templated":true}]}}