
{"id":20876,"date":"2024-01-29T05:40:01","date_gmt":"2024-01-29T04:40:01","guid":{"rendered":"https:\/\/ecogestion-legt.enseigne.ac-lyon.fr\/legt\/?p=20876&#038;preview=true&#038;preview_id=20876"},"modified":"2024-01-28T18:48:50","modified_gmt":"2024-01-28T17:48:50","slug":"nouvelle-organisation-au-college-pour-les-savoirs-fondamentaux","status":"publish","type":"post","link":"https:\/\/ecogestion-legt.enseigne.ac-lyon.fr\/legt\/nouvelle-organisation-au-college-pour-les-savoirs-fondamentaux\/","title":{"rendered":"\u00c9coGest Lyon : Nouvelle organisation au coll\u00e8ge pour les savoirs fondamentaux\u00a0"},"content":{"rendered":"<p>Le questionnaire \u00ab Choc des savoirs \u00bb, auquel ont r\u00e9pondu 240 000 personnels, a mis en lumi\u00e8re le besoin \u00e9prouv\u00e9 par les professeurs de pouvoir mieux r\u00e9pondre \u00e0 l\u2019h\u00e9t\u00e9rog\u00e9n\u00e9it\u00e9 des \u00e9l\u00e8ves au coll\u00e8ge. Afin de leur donner des leviers nouveaux, il a \u00e9t\u00e9 annonc\u00e9 la mise en place de groupes de niveaux au coll\u00e8ge en fran\u00e7ais et en math\u00e9matiques. en cons\u00e9quence, \u00e0 la rentr\u00e9e scolaire 2024, des groupes de niveaux dans les classes de 6e et 5e.<\/p>\n<p>Les groupes de niveaux, en permettant de r\u00e9duire l\u2019h\u00e9t\u00e9rog\u00e9n\u00e9it\u00e9 des \u00e9l\u00e8ves, facilitent la mise en place de la diff\u00e9renciation p\u00e9dagogique et l\u2019adaptation des situations d\u2019apprentissage pour r\u00e9pondre aux besoins de chaque \u00e9l\u00e8ve.\u00a0 Ces groupes sont constitu\u00e9s par l\u2019\u00e9quipe des professeurs \u00e0 partir des r\u00e9sultats des \u00e9l\u00e8ves aux \u00e9valuations nationales. Le nombre de groupes variera donc selon les \u00e9tablissements.\u00a0 Pour le groupe accueillant les \u00e9l\u00e8ves rencontrant des difficult\u00e9s, l\u2019effectif sera r\u00e9duit afin de faciliter leur prise en charge.\u00a0 Les groupes seront flexibles avec la possibilit\u00e9 pour les \u00e9l\u00e8ves de changer de groupes selon l\u2019\u00e9volution de leurs r\u00e9sultats.<\/p>\n<p>L&rsquo;ensemble des textes, seront pr\u00e9sent\u00e9s le 6 f\u00e9vrier prochain au Conseil sup\u00e9rieur de l\u2019\u00e9ducation (CSE) o\u00f9 si\u00e8gent vos repr\u00e9sentants. Il comprend 98 membres repr\u00e9sentant tous les personnels, les usagers (parents d\u2019\u00e9l\u00e8ves, \u00e9tudiants, lyc\u00e9ens) et les partenaires de l&rsquo;\u00c9tat dans l&rsquo;action \u00e9ducative (collectivit\u00e9s territoriales, associations p\u00e9riscolaires et familiales\u2026).<\/p>\n<p>\u00c0 la suite de la publication des textes r\u00e9glementaires, un ensemble de ressources p\u00e9dagogiques et organisationnelles viendra compl\u00e9ter l\u2019information n\u00e9cessaire \u00e0 la mise en \u0153uvre : des diaporamas \u00e0 l\u2019attention des personnels, des fiches pratiques, un vademecum\u2026 Une attention sera port\u00e9e aux d\u00e9marches p\u00e9dagogiques qui permettent la mobilisation et l\u2019engagement des \u00e9l\u00e8ves dans les apprentissages ainsi que la prise en charge de leurs difficult\u00e9s.<\/p>\n<p>Concernant le dipl\u00f4me national du brevet dont la r\u00e9novation est attendue pour la session 2025, les travaux engag\u00e9s aboutiront \u00e0 la pr\u00e9sentation des textes en CSE au printemps 2024<\/p>\n","protected":false},"excerpt":{"rendered":"<p>Le questionnaire \u00ab Choc des savoirs \u00bb, auquel ont r\u00e9pondu 240 000 personnels, a mis en lumi\u00e8re le besoin \u00e9prouv\u00e9 par les professeurs de pouvoir mieux r\u00e9pondre \u00e0 l\u2019h\u00e9t\u00e9rog\u00e9n\u00e9it\u00e9 des \u00e9l\u00e8ves au coll\u00e8ge. Afin de leur donner des leviers nouveaux, il a \u00e9t\u00e9 annonc\u00e9 la mise en place de groupes de niveaux au coll\u00e8ge en [&hellip;]<\/p>\n","protected":false},"author":17,"featured_media":0,"comment_status":"closed","ping_status":"open","sticky":false,"template":"","format":"standard","meta":{"footnotes":""},"categories":[12],"tags":[558,563,700,701,854,863],"class_list":["post-20876","post","type-post","status-publish","format-standard","hentry","category-flashs","tag-ecogest","tag-economie-gestion","tag-breve","tag-flash","tag-education-nationale","tag-college"],"_links":{"self":[{"href":"https:\/\/ecogestion-legt.enseigne.ac-lyon.fr\/legt\/wp-json\/wp\/v2\/posts\/20876","targetHints":{"allow":["GET"]}}],"collection":[{"href":"https:\/\/ecogestion-legt.enseigne.ac-lyon.fr\/legt\/wp-json\/wp\/v2\/posts"}],"about":[{"href":"https:\/\/ecogestion-legt.enseigne.ac-lyon.fr\/legt\/wp-json\/wp\/v2\/types\/post"}],"author":[{"embeddable":true,"href":"https:\/\/ecogestion-legt.enseigne.ac-lyon.fr\/legt\/wp-json\/wp\/v2\/users\/17"}],"replies":[{"embeddable":true,"href":"https:\/\/ecogestion-legt.enseigne.ac-lyon.fr\/legt\/wp-json\/wp\/v2\/comments?post=20876"}],"version-history":[{"count":1,"href":"https:\/\/ecogestion-legt.enseigne.ac-lyon.fr\/legt\/wp-json\/wp\/v2\/posts\/20876\/revisions"}],"predecessor-version":[{"id":20880,"href":"https:\/\/ecogestion-legt.enseigne.ac-lyon.fr\/legt\/wp-json\/wp\/v2\/posts\/20876\/revisions\/20880"}],"wp:attachment":[{"href":"https:\/\/ecogestion-legt.enseigne.ac-lyon.fr\/legt\/wp-json\/wp\/v2\/media?parent=20876"}],"wp:term":[{"taxonomy":"category","embeddable":true,"href":"https:\/\/ecogestion-legt.enseigne.ac-lyon.fr\/legt\/wp-json\/wp\/v2\/categories?post=20876"},{"taxonomy":"post_tag","embeddable":true,"href":"https:\/\/ecogestion-legt.enseigne.ac-lyon.fr\/legt\/wp-json\/wp\/v2\/tags?post=20876"}],"curies":[{"name":"wp","href":"https:\/\/api.w.org\/{rel}","templated":true}]}}