
{"id":20819,"date":"2024-01-22T07:00:22","date_gmt":"2024-01-22T06:00:22","guid":{"rendered":"https:\/\/ecogestion-legt.enseigne.ac-lyon.fr\/legt\/?p=20819&#038;preview=true&#038;preview_id=20819"},"modified":"2024-01-28T18:49:11","modified_gmt":"2024-01-28T17:49:11","slug":"transnationale-de-lyon-les-16-17-18-janvier-2024-une-reussite-pour-une-premiere","status":"publish","type":"post","link":"https:\/\/ecogestion-legt.enseigne.ac-lyon.fr\/legt\/transnationale-de-lyon-les-16-17-18-janvier-2024-une-reussite-pour-une-premiere\/","title":{"rendered":"\u00c9coGest Lyon : Transnationale de Lyon les 16, 17, 18 janvier 2024, une r\u00e9ussite pour une premi\u00e8re !"},"content":{"rendered":"<p>L\u2019acad\u00e9mie de Lyon a organis\u00e9 une premi\u00e8re r\u00e9union transnationale. Celle-ci s\u2019inscrivait dans le cadre du projet de coop\u00e9ration Erasmus +, construit depuis maintenant deux ann\u00e9es de travail. Ce projet concerne l&rsquo;ing\u00e9nierie d\u2019accompagnement comme levier d\u2019innovation p\u00e9dagogique.<\/p>\n<p>Les d\u00e9l\u00e9gations des 6 pays sont amen\u00e9es\u00a0 \u00e0 r\u00e9fl\u00e9chir, \u00e0 travailler, \u00e0 construire ensemble, pendant pr\u00e8s de trois ann\u00e9es scolaires (novembre 2023 \u00e0 novembre 2026) autour et sur le champ de l\u2019innovation p\u00e9dagogique. Il s\u2019agira pour cette communaut\u00e9 d\u2019observer, de comprendre, d\u2019analyser et de co-construire un ensemble coh\u00e9rent et utile de ressources documentaires, de m\u00e9thodes, d\u2019outils et de supports p\u00e9dagogiques.<\/p>\n<p>Organis\u00e9s sur 3 axes de travail (notion d\u2019innovation p\u00e9dagogique, son accompagnement et la formation continue des acteurs), ces ressources permettront \u00e0 tout acteur d\u2019un syst\u00e8me \u00e9ducatif europ\u00e9en, (quels que soient ses sp\u00e9cificit\u00e9s) de mieux appr\u00e9hender le processus d\u2019innovation p\u00e9dagogique et faciliter ainsi la mise en \u0153uvre de pratiques innovantes pour le plus grand profit des \u00e9l\u00e8ves et des professeurs.<\/p>\n<p>En cons\u00e9quence, cette premi\u00e8re r\u00e9union transnationale \u00e0 Lyon a constitu\u00e9 le v\u00e9ritable point de d\u00e9part de ce travail collaboratif et coop\u00e9ratif \u00e0 l\u2019\u00e9chelle de l\u2019Europe. Il s\u2019agissait \u00e0 l\u2019issue de cette semaine de travail, d\u2019\u00eatre d\u2019ores et d\u00e9j\u00e0 en capacit\u00e9 de mettre \u00e0 la disposition de tous :<\/p>\n<p>Des outils de guidance pour l\u2019observation des pratiques p\u00e9dagogiques innovantes lors des mobilit\u00e9s qui suivront.<br \/>\nUne fiche guide pour les rapports d\u2019\u00e9tonnement qui feront suite aux diff\u00e9rentes mobilit\u00e9s et observations crois\u00e9es.<br \/>\nLa structure de notre futur m\u00e9mento de l\u2019innovation qui sera construit lors de la transnationale suivante en Roumanie.<br \/>\nToutes les ressources et les supports de communication seront prochainement en ligne sur le site de l\u2019EAFC d\u00e9partement innovation.<\/p>\n","protected":false},"excerpt":{"rendered":"<p>L\u2019acad\u00e9mie de Lyon a organis\u00e9 une premi\u00e8re r\u00e9union transnationale. Celle-ci s\u2019inscrivait dans le cadre du projet de coop\u00e9ration Erasmus +, construit depuis maintenant deux ann\u00e9es de travail. Ce projet concerne l&rsquo;ing\u00e9nierie d\u2019accompagnement comme levier d\u2019innovation p\u00e9dagogique. Les d\u00e9l\u00e9gations des 6 pays sont amen\u00e9es\u00a0 \u00e0 r\u00e9fl\u00e9chir, \u00e0 travailler, \u00e0 construire ensemble, pendant pr\u00e8s de trois ann\u00e9es [&hellip;]<\/p>\n","protected":false},"author":17,"featured_media":0,"comment_status":"closed","ping_status":"open","sticky":false,"template":"","format":"standard","meta":{"footnotes":""},"categories":[12],"tags":[558,563,700,701,854],"class_list":["post-20819","post","type-post","status-publish","format-standard","hentry","category-flashs","tag-ecogest","tag-economie-gestion","tag-breve","tag-flash","tag-education-nationale"],"_links":{"self":[{"href":"https:\/\/ecogestion-legt.enseigne.ac-lyon.fr\/legt\/wp-json\/wp\/v2\/posts\/20819","targetHints":{"allow":["GET"]}}],"collection":[{"href":"https:\/\/ecogestion-legt.enseigne.ac-lyon.fr\/legt\/wp-json\/wp\/v2\/posts"}],"about":[{"href":"https:\/\/ecogestion-legt.enseigne.ac-lyon.fr\/legt\/wp-json\/wp\/v2\/types\/post"}],"author":[{"embeddable":true,"href":"https:\/\/ecogestion-legt.enseigne.ac-lyon.fr\/legt\/wp-json\/wp\/v2\/users\/17"}],"replies":[{"embeddable":true,"href":"https:\/\/ecogestion-legt.enseigne.ac-lyon.fr\/legt\/wp-json\/wp\/v2\/comments?post=20819"}],"version-history":[{"count":1,"href":"https:\/\/ecogestion-legt.enseigne.ac-lyon.fr\/legt\/wp-json\/wp\/v2\/posts\/20819\/revisions"}],"predecessor-version":[{"id":20820,"href":"https:\/\/ecogestion-legt.enseigne.ac-lyon.fr\/legt\/wp-json\/wp\/v2\/posts\/20819\/revisions\/20820"}],"wp:attachment":[{"href":"https:\/\/ecogestion-legt.enseigne.ac-lyon.fr\/legt\/wp-json\/wp\/v2\/media?parent=20819"}],"wp:term":[{"taxonomy":"category","embeddable":true,"href":"https:\/\/ecogestion-legt.enseigne.ac-lyon.fr\/legt\/wp-json\/wp\/v2\/categories?post=20819"},{"taxonomy":"post_tag","embeddable":true,"href":"https:\/\/ecogestion-legt.enseigne.ac-lyon.fr\/legt\/wp-json\/wp\/v2\/tags?post=20819"}],"curies":[{"name":"wp","href":"https:\/\/api.w.org\/{rel}","templated":true}]}}