
{"id":20483,"date":"2023-12-10T21:38:40","date_gmt":"2023-12-10T20:38:40","guid":{"rendered":"https:\/\/ecogestion-legt.enseigne.ac-lyon.fr\/legt\/?p=20483&#038;preview=true&#038;preview_id=20483"},"modified":"2023-12-10T21:39:30","modified_gmt":"2023-12-10T20:39:30","slug":"vingt-mesures-constituant-un-choc-des-savoirs","status":"publish","type":"post","link":"https:\/\/ecogestion-legt.enseigne.ac-lyon.fr\/legt\/vingt-mesures-constituant-un-choc-des-savoirs\/","title":{"rendered":"\u00c9coGest Lyon : Vingt mesures constituant un \u00ab\u00a0choc des savoirs\u00a0\u00bb"},"content":{"rendered":"<p>Ce mardi 5 d\u00e9cembre Gabriel Attal a inform\u00e9 tous les personnels de ses d\u00e9cisions et de la mise en \u0153uvre de vingt mesures constituant un \u00ab\u00a0choc des savoirs\u00a0\u00bb. Il a appel\u00e9 \u00e0 la mobilisation de chacun pour rehausser concr\u00e8tement le niveau scolaire des \u00e9l\u00e8ves, de la maternelle au lyc\u00e9e.<\/p>\n<p>La feuille de route est claire, organis\u00e9e en trois axes, pour que chaque \u00e9l\u00e8ve soit port\u00e9 au plus haut de son talent :<br \/>\n\u2022 Mieux soutenir les professeurs pour mener la bataille des savoirs<br \/>\n\u2022 Adapter l\u2019organisation des enseignements aux besoins de chaque \u00e9l\u00e8ve<br \/>\n\u2022 Rehausser le niveau d\u2019exigence et d\u2019ambition pour tous les \u00e9l\u00e8ves<\/p>\n<p>PISA, le programme international pour le suivi des acquis des \u00e9l\u00e8ves, est la plus grande \u00e9tude internationale aupr\u00e8s d&rsquo;\u00e9l\u00e8ves dans le domaine de l&rsquo;\u00e9ducation. Pilot\u00e9e par l&rsquo;OCDE, PISA mesure l&rsquo;efficacit\u00e9 des syst\u00e8mes \u00e9ducatifs. L&rsquo;objectif est de comparer les performances des \u00e9l\u00e8ves issus de diff\u00e9rents environnements d&rsquo;apprentissage, pour comprendre ce qui les pr\u00e9pare le mieux \u00e0 leur vie d&rsquo;adulte.<\/p>\n","protected":false},"excerpt":{"rendered":"<p>Ce mardi 5 d\u00e9cembre Gabriel Attal a inform\u00e9 tous les personnels de ses d\u00e9cisions et de la mise en \u0153uvre de vingt mesures constituant un \u00ab\u00a0choc des savoirs\u00a0\u00bb. Il a appel\u00e9 \u00e0 la mobilisation de chacun pour rehausser concr\u00e8tement le niveau scolaire des \u00e9l\u00e8ves, de la maternelle au lyc\u00e9e. La feuille de route est claire, [&hellip;]<\/p>\n","protected":false},"author":17,"featured_media":0,"comment_status":"closed","ping_status":"open","sticky":false,"template":"","format":"standard","meta":{"footnotes":""},"categories":[12],"tags":[558,563,700,701,854],"class_list":["post-20483","post","type-post","status-publish","format-standard","hentry","category-flashs","tag-ecogest","tag-economie-gestion","tag-breve","tag-flash","tag-education-nationale"],"_links":{"self":[{"href":"https:\/\/ecogestion-legt.enseigne.ac-lyon.fr\/legt\/wp-json\/wp\/v2\/posts\/20483","targetHints":{"allow":["GET"]}}],"collection":[{"href":"https:\/\/ecogestion-legt.enseigne.ac-lyon.fr\/legt\/wp-json\/wp\/v2\/posts"}],"about":[{"href":"https:\/\/ecogestion-legt.enseigne.ac-lyon.fr\/legt\/wp-json\/wp\/v2\/types\/post"}],"author":[{"embeddable":true,"href":"https:\/\/ecogestion-legt.enseigne.ac-lyon.fr\/legt\/wp-json\/wp\/v2\/users\/17"}],"replies":[{"embeddable":true,"href":"https:\/\/ecogestion-legt.enseigne.ac-lyon.fr\/legt\/wp-json\/wp\/v2\/comments?post=20483"}],"version-history":[{"count":1,"href":"https:\/\/ecogestion-legt.enseigne.ac-lyon.fr\/legt\/wp-json\/wp\/v2\/posts\/20483\/revisions"}],"predecessor-version":[{"id":20484,"href":"https:\/\/ecogestion-legt.enseigne.ac-lyon.fr\/legt\/wp-json\/wp\/v2\/posts\/20483\/revisions\/20484"}],"wp:attachment":[{"href":"https:\/\/ecogestion-legt.enseigne.ac-lyon.fr\/legt\/wp-json\/wp\/v2\/media?parent=20483"}],"wp:term":[{"taxonomy":"category","embeddable":true,"href":"https:\/\/ecogestion-legt.enseigne.ac-lyon.fr\/legt\/wp-json\/wp\/v2\/categories?post=20483"},{"taxonomy":"post_tag","embeddable":true,"href":"https:\/\/ecogestion-legt.enseigne.ac-lyon.fr\/legt\/wp-json\/wp\/v2\/tags?post=20483"}],"curies":[{"name":"wp","href":"https:\/\/api.w.org\/{rel}","templated":true}]}}