
{"id":20434,"date":"2023-12-04T19:47:00","date_gmt":"2023-12-04T18:47:00","guid":{"rendered":"https:\/\/ecogestion-legt.enseigne.ac-lyon.fr\/legt\/?p=20434&#038;preview=true&#038;preview_id=20434"},"modified":"2023-12-04T19:52:54","modified_gmt":"2023-12-04T18:52:54","slug":"bouge-30-chaque-jour-copie","status":"publish","type":"post","link":"https:\/\/ecogestion-legt.enseigne.ac-lyon.fr\/legt\/bouge-30-chaque-jour-copie\/","title":{"rendered":"\u00c9coGest Lyon : Accueil de la D\u00e9l\u00e9gation Tunisienne &#8211; Novembre 2023"},"content":{"rendered":"<p>\u00ab\u00a0Explorez les horizons de l&rsquo;innovation \u00e9ducative avec l&rsquo;accueil de la D\u00e9l\u00e9gation Tunisienne en novembre 2023. D\u00e9couvrez comment d\u00e9velopper une collaboration fructueuse entre les acteurs de terrain et la recherche dans le cadre d&rsquo;un projet collaboratif stimulant au sein de l&rsquo;acad\u00e9mie de Lyon.\u00a0\u00bb<\/p>\n<p>Pour en savoir plus <a href=\"https:\/\/www.ac-lyon.fr\/synergie-educative-accueil-de-la-delegation-tunisienne-novembre-2023-128082\">consulter l\u2019article et le g\u00e9niali<\/a><\/p>\n<p>&nbsp;<\/p>\n","protected":false},"excerpt":{"rendered":"<p>\u00ab\u00a0Explorez les horizons de l&rsquo;innovation \u00e9ducative avec l&rsquo;accueil de la D\u00e9l\u00e9gation Tunisienne en novembre 2023. D\u00e9couvrez comment d\u00e9velopper une collaboration fructueuse entre les acteurs de terrain et la recherche dans le cadre d&rsquo;un projet collaboratif stimulant au sein de l&rsquo;acad\u00e9mie de Lyon.\u00a0\u00bb Pour en savoir plus consulter l\u2019article et le g\u00e9niali &nbsp;<\/p>\n","protected":false},"author":17,"featured_media":0,"comment_status":"closed","ping_status":"open","sticky":false,"template":"","format":"standard","meta":{"footnotes":""},"categories":[12],"tags":[558,563,580,700,701,854,856],"class_list":["post-20434","post","type-post","status-publish","format-standard","hentry","category-flashs","tag-ecogest","tag-economie-gestion","tag-sport","tag-breve","tag-flash","tag-education-nationale","tag-bien-etre"],"_links":{"self":[{"href":"https:\/\/ecogestion-legt.enseigne.ac-lyon.fr\/legt\/wp-json\/wp\/v2\/posts\/20434","targetHints":{"allow":["GET"]}}],"collection":[{"href":"https:\/\/ecogestion-legt.enseigne.ac-lyon.fr\/legt\/wp-json\/wp\/v2\/posts"}],"about":[{"href":"https:\/\/ecogestion-legt.enseigne.ac-lyon.fr\/legt\/wp-json\/wp\/v2\/types\/post"}],"author":[{"embeddable":true,"href":"https:\/\/ecogestion-legt.enseigne.ac-lyon.fr\/legt\/wp-json\/wp\/v2\/users\/17"}],"replies":[{"embeddable":true,"href":"https:\/\/ecogestion-legt.enseigne.ac-lyon.fr\/legt\/wp-json\/wp\/v2\/comments?post=20434"}],"version-history":[{"count":2,"href":"https:\/\/ecogestion-legt.enseigne.ac-lyon.fr\/legt\/wp-json\/wp\/v2\/posts\/20434\/revisions"}],"predecessor-version":[{"id":20436,"href":"https:\/\/ecogestion-legt.enseigne.ac-lyon.fr\/legt\/wp-json\/wp\/v2\/posts\/20434\/revisions\/20436"}],"wp:attachment":[{"href":"https:\/\/ecogestion-legt.enseigne.ac-lyon.fr\/legt\/wp-json\/wp\/v2\/media?parent=20434"}],"wp:term":[{"taxonomy":"category","embeddable":true,"href":"https:\/\/ecogestion-legt.enseigne.ac-lyon.fr\/legt\/wp-json\/wp\/v2\/categories?post=20434"},{"taxonomy":"post_tag","embeddable":true,"href":"https:\/\/ecogestion-legt.enseigne.ac-lyon.fr\/legt\/wp-json\/wp\/v2\/tags?post=20434"}],"curies":[{"name":"wp","href":"https:\/\/api.w.org\/{rel}","templated":true}]}}