
{"id":20402,"date":"2023-11-24T16:16:43","date_gmt":"2023-11-24T15:16:43","guid":{"rendered":"https:\/\/ecogestion-legt.enseigne.ac-lyon.fr\/legt\/?p=20402&#038;preview=true&#038;preview_id=20402"},"modified":"2023-11-24T16:18:12","modified_gmt":"2023-11-24T15:18:12","slug":"bouge-30-chaque-jour","status":"publish","type":"post","link":"https:\/\/ecogestion-legt.enseigne.ac-lyon.fr\/legt\/bouge-30-chaque-jour\/","title":{"rendered":"\u00c9coGest Lyon : \u00ab\u00a0Bouge 30&prime; chaque jour !\u00a0\u00bb"},"content":{"rendered":"<p>\u00ab\u00a0Bouge 30&prime; chaque jour !\u00a0\u00bb, c&rsquo;est l&rsquo;invitation lanc\u00e9e \u00e0 tous les Fran\u00e7ais d\u00e8s cette ann\u00e9e pr\u00e9paratoire des Jeux olympiques et paralympiques. Dans la perspective de cette dynamique exceptionnelle, le Pr\u00e9sident de la R\u00e9publique a d\u00e9cr\u00e9t\u00e9 la promotion de l\u2019Activit\u00e9 Physique et Sportive comme Grande Cause Nationale 2024.<br \/>\nCette Grande Cause Nationale est le relais soci\u00e9tal de ce rendez-vous unique et historique, avec pour objectif d\u2019am\u00e9liorer l\u2019\u00e9ducation, la sant\u00e9, l\u2019inclusion et de rendre notre soci\u00e9t\u00e9 plus solidaire. Ses trois objectifs sont :<br \/>\n&#8211; mettre le sport au c\u0153ur des politiques publiques et du pacte r\u00e9publicain<br \/>\n&#8211; mobiliser les acteurs du sport et toutes les forces vives du pays pour valoriser la place du sport en France<br \/>\n&#8211; inciter les Fran\u00e7ais \u00e0 faire davantage d\u2019activit\u00e9 physique et sportive.<\/p>\n<p>Pour faire bouger votre quotidien, d\u00e9couvrez toutes les activit\u00e9s et les nombreux acteurs engag\u00e9s dans cette cause sur le site qui vient d&rsquo;ouvrir : <a href=\"https:\/\/www.grandecause-sport.fr\/\">https:\/\/www.grandecause-sport.fr\/<\/a><\/p>\n","protected":false},"excerpt":{"rendered":"<p>\u00ab\u00a0Bouge 30&prime; chaque jour !\u00a0\u00bb, c&rsquo;est l&rsquo;invitation lanc\u00e9e \u00e0 tous les Fran\u00e7ais d\u00e8s cette ann\u00e9e pr\u00e9paratoire des Jeux olympiques et paralympiques. Dans la perspective de cette dynamique exceptionnelle, le Pr\u00e9sident de la R\u00e9publique a d\u00e9cr\u00e9t\u00e9 la promotion de l\u2019Activit\u00e9 Physique et Sportive comme Grande Cause Nationale 2024. Cette Grande Cause Nationale est le relais soci\u00e9tal [&hellip;]<\/p>\n","protected":false},"author":17,"featured_media":0,"comment_status":"closed","ping_status":"open","sticky":false,"template":"","format":"standard","meta":{"footnotes":""},"categories":[12],"tags":[558,563,580,700,701,854,856],"class_list":["post-20402","post","type-post","status-publish","format-standard","hentry","category-flashs","tag-ecogest","tag-economie-gestion","tag-sport","tag-breve","tag-flash","tag-education-nationale","tag-bien-etre"],"_links":{"self":[{"href":"https:\/\/ecogestion-legt.enseigne.ac-lyon.fr\/legt\/wp-json\/wp\/v2\/posts\/20402","targetHints":{"allow":["GET"]}}],"collection":[{"href":"https:\/\/ecogestion-legt.enseigne.ac-lyon.fr\/legt\/wp-json\/wp\/v2\/posts"}],"about":[{"href":"https:\/\/ecogestion-legt.enseigne.ac-lyon.fr\/legt\/wp-json\/wp\/v2\/types\/post"}],"author":[{"embeddable":true,"href":"https:\/\/ecogestion-legt.enseigne.ac-lyon.fr\/legt\/wp-json\/wp\/v2\/users\/17"}],"replies":[{"embeddable":true,"href":"https:\/\/ecogestion-legt.enseigne.ac-lyon.fr\/legt\/wp-json\/wp\/v2\/comments?post=20402"}],"version-history":[{"count":1,"href":"https:\/\/ecogestion-legt.enseigne.ac-lyon.fr\/legt\/wp-json\/wp\/v2\/posts\/20402\/revisions"}],"predecessor-version":[{"id":20403,"href":"https:\/\/ecogestion-legt.enseigne.ac-lyon.fr\/legt\/wp-json\/wp\/v2\/posts\/20402\/revisions\/20403"}],"wp:attachment":[{"href":"https:\/\/ecogestion-legt.enseigne.ac-lyon.fr\/legt\/wp-json\/wp\/v2\/media?parent=20402"}],"wp:term":[{"taxonomy":"category","embeddable":true,"href":"https:\/\/ecogestion-legt.enseigne.ac-lyon.fr\/legt\/wp-json\/wp\/v2\/categories?post=20402"},{"taxonomy":"post_tag","embeddable":true,"href":"https:\/\/ecogestion-legt.enseigne.ac-lyon.fr\/legt\/wp-json\/wp\/v2\/tags?post=20402"}],"curies":[{"name":"wp","href":"https:\/\/api.w.org\/{rel}","templated":true}]}}