
{"id":20281,"date":"2023-11-03T18:23:25","date_gmt":"2023-11-03T17:23:25","guid":{"rendered":"https:\/\/ecogestion-legt.enseigne.ac-lyon.fr\/legt\/?p=20281&#038;preview=true&#038;preview_id=20281"},"modified":"2023-11-03T18:24:52","modified_gmt":"2023-11-03T17:24:52","slug":"transmettre-et-faire-respecter-les-principes-et-valeurs-de-la-republique","status":"publish","type":"post","link":"https:\/\/ecogestion-legt.enseigne.ac-lyon.fr\/legt\/transmettre-et-faire-respecter-les-principes-et-valeurs-de-la-republique\/","title":{"rendered":"\u00c9coGest Lyon : Transmettre et faire respecter les principes et valeurs de la R\u00e9publique"},"content":{"rendered":"<p>L&rsquo;\u00c9cole a pour mission d\u2019incarner, de faire vivre et de transmettre aux \u00e9l\u00e8ves les principes et les valeurs de la R\u00e9publique. Elle mobilise pour cela l\u2019ensemble des personnels, des temps scolaires et des activit\u00e9s \u00e9ducatives. Son projet repose sur la double ambition d\u2019\u00e9mancipation intellectuelle des \u00e9l\u00e8ves par le savoir et la culture, et de construction d\u2019un projet d\u00e9mocratique fond\u00e9 sur des communs compris, partag\u00e9s et respect\u00e9s par tous.<\/p>\n<p><a href=\"https:\/\/eduscol.education.fr\/1543\/transmettre-et-faire-respecter-les-principes-et-valeurs-de-la-republique\">Transmettre et faire respecter les principes et valeurs de la R\u00e9publique | \u00e9duscol | Minist\u00e8re de l&rsquo;\u00c9ducation nationale et de la Jeunesse &#8211; Direction g\u00e9n\u00e9rale de l&rsquo;enseignement scolaire (education.fr)<\/a><\/p>\n<p>&nbsp;<\/p>\n<p>&nbsp;<\/p>\n<p>&nbsp;<\/p>\n<p>&nbsp;<\/p>\n","protected":false},"excerpt":{"rendered":"<p>L&rsquo;\u00c9cole a pour mission d\u2019incarner, de faire vivre et de transmettre aux \u00e9l\u00e8ves les principes et les valeurs de la R\u00e9publique. Elle mobilise pour cela l\u2019ensemble des personnels, des temps scolaires et des activit\u00e9s \u00e9ducatives. Son projet repose sur la double ambition d\u2019\u00e9mancipation intellectuelle des \u00e9l\u00e8ves par le savoir et la culture, et de construction [&hellip;]<\/p>\n","protected":false},"author":17,"featured_media":0,"comment_status":"closed","ping_status":"open","sticky":false,"template":"","format":"standard","meta":{"footnotes":""},"categories":[12],"tags":[640,664,700,836,847,848,849,850],"class_list":["post-20281","post","type-post","status-publish","format-standard","hentry","category-flashs","tag-certification","tag-professeurs","tag-breve","tag-ressource","tag-republique","tag-valeur","tag-valeurs","tag-laicite"],"_links":{"self":[{"href":"https:\/\/ecogestion-legt.enseigne.ac-lyon.fr\/legt\/wp-json\/wp\/v2\/posts\/20281","targetHints":{"allow":["GET"]}}],"collection":[{"href":"https:\/\/ecogestion-legt.enseigne.ac-lyon.fr\/legt\/wp-json\/wp\/v2\/posts"}],"about":[{"href":"https:\/\/ecogestion-legt.enseigne.ac-lyon.fr\/legt\/wp-json\/wp\/v2\/types\/post"}],"author":[{"embeddable":true,"href":"https:\/\/ecogestion-legt.enseigne.ac-lyon.fr\/legt\/wp-json\/wp\/v2\/users\/17"}],"replies":[{"embeddable":true,"href":"https:\/\/ecogestion-legt.enseigne.ac-lyon.fr\/legt\/wp-json\/wp\/v2\/comments?post=20281"}],"version-history":[{"count":1,"href":"https:\/\/ecogestion-legt.enseigne.ac-lyon.fr\/legt\/wp-json\/wp\/v2\/posts\/20281\/revisions"}],"predecessor-version":[{"id":20282,"href":"https:\/\/ecogestion-legt.enseigne.ac-lyon.fr\/legt\/wp-json\/wp\/v2\/posts\/20281\/revisions\/20282"}],"wp:attachment":[{"href":"https:\/\/ecogestion-legt.enseigne.ac-lyon.fr\/legt\/wp-json\/wp\/v2\/media?parent=20281"}],"wp:term":[{"taxonomy":"category","embeddable":true,"href":"https:\/\/ecogestion-legt.enseigne.ac-lyon.fr\/legt\/wp-json\/wp\/v2\/categories?post=20281"},{"taxonomy":"post_tag","embeddable":true,"href":"https:\/\/ecogestion-legt.enseigne.ac-lyon.fr\/legt\/wp-json\/wp\/v2\/tags?post=20281"}],"curies":[{"name":"wp","href":"https:\/\/api.w.org\/{rel}","templated":true}]}}