
{"id":20229,"date":"2023-10-13T18:57:13","date_gmt":"2023-10-13T16:57:13","guid":{"rendered":"https:\/\/ecogestion-legt.enseigne.ac-lyon.fr\/legt\/?p=20229&#038;preview=true&#038;preview_id=20229"},"modified":"2023-10-13T19:05:57","modified_gmt":"2023-10-13T17:05:57","slug":"hommage-a-tous-les-professeurs-de-france","status":"publish","type":"post","link":"https:\/\/ecogestion-legt.enseigne.ac-lyon.fr\/legt\/hommage-a-tous-les-professeurs-de-france\/","title":{"rendered":"\u00c9coGest Lyon : Hommage \u00e0 tous les professeurs de France"},"content":{"rendered":"<p>A l&rsquo;occasion de la journ\u00e9e mondiale des enseignants, jeudi 5 octobre 2023, Gabriel Attal a souhait\u00e9 rendre hommage \u00e0 tous les professeurs de France qui exercent un m\u00e9tier essentiel, riche de sens et qui participent \u00e0 la construction de la soci\u00e9t\u00e9 en transmettant leur savoir et en contribuant \u00e0 la r\u00e9ussite des \u00e9l\u00e8ves.<\/p>\n<p>&nbsp;<\/p>\n<p><a href=\"https:\/\/www.education.gouv.fr\/unis-pour-notre-ecole-le-discours-de-gabriel-attal-l-occasion-de-la-journee-mondiale-des-enseignants-379650\">Unis pour notre \u00c9cole : le discours de Gabriel Attal \u00e0 l&rsquo;occasion de la journ\u00e9e mondiale des enseignants | Minist\u00e8re de l&rsquo;Education Nationale et de la Jeunesse<\/a><\/p>\n<p>&nbsp;<\/p>\n<p>&nbsp;<\/p>\n<p>&nbsp;<\/p>\n","protected":false},"excerpt":{"rendered":"<p>A l&rsquo;occasion de la journ\u00e9e mondiale des enseignants, jeudi 5 octobre 2023, Gabriel Attal a souhait\u00e9 rendre hommage \u00e0 tous les professeurs de France qui exercent un m\u00e9tier essentiel, riche de sens et qui participent \u00e0 la construction de la soci\u00e9t\u00e9 en transmettant leur savoir et en contribuant \u00e0 la r\u00e9ussite des \u00e9l\u00e8ves. &nbsp; Unis [&hellip;]<\/p>\n","protected":false},"author":17,"featured_media":0,"comment_status":"closed","ping_status":"open","sticky":false,"template":"","format":"standard","meta":{"footnotes":""},"categories":[12],"tags":[640,664,700,836,844],"class_list":["post-20229","post","type-post","status-publish","format-standard","hentry","category-flashs","tag-certification","tag-professeurs","tag-breve","tag-ressource","tag-hommage"],"_links":{"self":[{"href":"https:\/\/ecogestion-legt.enseigne.ac-lyon.fr\/legt\/wp-json\/wp\/v2\/posts\/20229","targetHints":{"allow":["GET"]}}],"collection":[{"href":"https:\/\/ecogestion-legt.enseigne.ac-lyon.fr\/legt\/wp-json\/wp\/v2\/posts"}],"about":[{"href":"https:\/\/ecogestion-legt.enseigne.ac-lyon.fr\/legt\/wp-json\/wp\/v2\/types\/post"}],"author":[{"embeddable":true,"href":"https:\/\/ecogestion-legt.enseigne.ac-lyon.fr\/legt\/wp-json\/wp\/v2\/users\/17"}],"replies":[{"embeddable":true,"href":"https:\/\/ecogestion-legt.enseigne.ac-lyon.fr\/legt\/wp-json\/wp\/v2\/comments?post=20229"}],"version-history":[{"count":1,"href":"https:\/\/ecogestion-legt.enseigne.ac-lyon.fr\/legt\/wp-json\/wp\/v2\/posts\/20229\/revisions"}],"predecessor-version":[{"id":20230,"href":"https:\/\/ecogestion-legt.enseigne.ac-lyon.fr\/legt\/wp-json\/wp\/v2\/posts\/20229\/revisions\/20230"}],"wp:attachment":[{"href":"https:\/\/ecogestion-legt.enseigne.ac-lyon.fr\/legt\/wp-json\/wp\/v2\/media?parent=20229"}],"wp:term":[{"taxonomy":"category","embeddable":true,"href":"https:\/\/ecogestion-legt.enseigne.ac-lyon.fr\/legt\/wp-json\/wp\/v2\/categories?post=20229"},{"taxonomy":"post_tag","embeddable":true,"href":"https:\/\/ecogestion-legt.enseigne.ac-lyon.fr\/legt\/wp-json\/wp\/v2\/tags?post=20229"}],"curies":[{"name":"wp","href":"https:\/\/api.w.org\/{rel}","templated":true}]}}