
{"id":20192,"date":"2023-10-06T18:47:23","date_gmt":"2023-10-06T16:47:23","guid":{"rendered":"https:\/\/ecogestion-legt.enseigne.ac-lyon.fr\/legt\/?p=20192&#038;preview=true&#038;preview_id=20192"},"modified":"2023-10-06T18:48:55","modified_gmt":"2023-10-06T16:48:55","slug":"journee-mondiale-des-enseignants","status":"publish","type":"post","link":"https:\/\/ecogestion-legt.enseigne.ac-lyon.fr\/legt\/journee-mondiale-des-enseignants\/","title":{"rendered":"\u00c9coGest Lyon : Journ\u00e9e mondiale des enseignants"},"content":{"rendered":"<p>Ce jeudi 5 octobre, lors de la Journ\u00e9e mondiale des enseignants, le ministre Gabriel Attal a souhait\u00e9 rendre hommage \u00e0 tous les professeurs de France qui exercent un m\u00e9tier essentiel, riche de sens et qui participent \u00e0 la construction de la soci\u00e9t\u00e9 en transmettant leur savoir et en contribuant \u00e0 la r\u00e9ussite des \u00e9l\u00e8ves.<\/p>\n<p>Pour concr\u00e9tiser le \u00ab choc des savoirs \u00bb fondamentaux et contribuer \u00e0 \u00e9lever le niveau global, condition de la r\u00e9ussite et de l\u2019\u00e9panouissement de tous les \u00e9l\u00e8ves, le ministre a prononc\u00e9 un discours sur les diff\u00e9rentes \u00e9tapes destin\u00e9es \u00e0 la mise en \u0153uvre de cette importante priorit\u00e9 \u00e0 la rentr\u00e9e 2024.<\/p>\n<p>Depuis l&rsquo;esplanade de la Biblioth\u00e8que nationale de France, lieu symbolique de tous les savoirs, il a explicit\u00e9 la d\u00e9marche collective \u00e0 engager autour de l&rsquo;objectif d&rsquo;excellence que vise l&rsquo;ensemble des professeurs.<\/p>\n<p><a href=\"https:\/\/www.education.gouv.fr\/unis-pour-notre-ecole-le-discours-de-gabriel-attal-l-occasion-de-la-journee-mondiale-des-enseignants-379650\">Retrouvez les annonces<\/a> du ministre sur le choc des savoirs.<\/p>\n<p>&nbsp;<\/p>\n<p>&nbsp;<\/p>\n<p>&nbsp;<\/p>\n<p>&nbsp;<\/p>\n","protected":false},"excerpt":{"rendered":"<p>Ce jeudi 5 octobre, lors de la Journ\u00e9e mondiale des enseignants, le ministre Gabriel Attal a souhait\u00e9 rendre hommage \u00e0 tous les professeurs de France qui exercent un m\u00e9tier essentiel, riche de sens et qui participent \u00e0 la construction de la soci\u00e9t\u00e9 en transmettant leur savoir et en contribuant \u00e0 la r\u00e9ussite des \u00e9l\u00e8ves. Pour [&hellip;]<\/p>\n","protected":false},"author":17,"featured_media":0,"comment_status":"closed","ping_status":"open","sticky":false,"template":"","format":"standard","meta":{"footnotes":""},"categories":[12],"tags":[640,700,836],"class_list":["post-20192","post","type-post","status-publish","format-standard","hentry","category-flashs","tag-certification","tag-breve","tag-ressource"],"_links":{"self":[{"href":"https:\/\/ecogestion-legt.enseigne.ac-lyon.fr\/legt\/wp-json\/wp\/v2\/posts\/20192","targetHints":{"allow":["GET"]}}],"collection":[{"href":"https:\/\/ecogestion-legt.enseigne.ac-lyon.fr\/legt\/wp-json\/wp\/v2\/posts"}],"about":[{"href":"https:\/\/ecogestion-legt.enseigne.ac-lyon.fr\/legt\/wp-json\/wp\/v2\/types\/post"}],"author":[{"embeddable":true,"href":"https:\/\/ecogestion-legt.enseigne.ac-lyon.fr\/legt\/wp-json\/wp\/v2\/users\/17"}],"replies":[{"embeddable":true,"href":"https:\/\/ecogestion-legt.enseigne.ac-lyon.fr\/legt\/wp-json\/wp\/v2\/comments?post=20192"}],"version-history":[{"count":1,"href":"https:\/\/ecogestion-legt.enseigne.ac-lyon.fr\/legt\/wp-json\/wp\/v2\/posts\/20192\/revisions"}],"predecessor-version":[{"id":20193,"href":"https:\/\/ecogestion-legt.enseigne.ac-lyon.fr\/legt\/wp-json\/wp\/v2\/posts\/20192\/revisions\/20193"}],"wp:attachment":[{"href":"https:\/\/ecogestion-legt.enseigne.ac-lyon.fr\/legt\/wp-json\/wp\/v2\/media?parent=20192"}],"wp:term":[{"taxonomy":"category","embeddable":true,"href":"https:\/\/ecogestion-legt.enseigne.ac-lyon.fr\/legt\/wp-json\/wp\/v2\/categories?post=20192"},{"taxonomy":"post_tag","embeddable":true,"href":"https:\/\/ecogestion-legt.enseigne.ac-lyon.fr\/legt\/wp-json\/wp\/v2\/tags?post=20192"}],"curies":[{"name":"wp","href":"https:\/\/api.w.org\/{rel}","templated":true}]}}