
{"id":20178,"date":"2023-10-06T18:06:45","date_gmt":"2023-10-06T16:06:45","guid":{"rendered":"https:\/\/ecogestion-legt.enseigne.ac-lyon.fr\/legt\/?p=20178&#038;preview=true&#038;preview_id=20178"},"modified":"2023-10-06T18:10:49","modified_gmt":"2023-10-06T16:10:49","slug":"bilan-de-la-5e-edition-de-la-nuit-du-droit","status":"publish","type":"post","link":"https:\/\/ecogestion-legt.enseigne.ac-lyon.fr\/legt\/bilan-de-la-5e-edition-de-la-nuit-du-droit\/","title":{"rendered":"\u00c9coGest Lyon : Bilan de la 5e \u00e9dition de la Nuit du Droit"},"content":{"rendered":"<h2>L\u2019implication des professeurs de lyc\u00e9e et de leurs \u00e9l\u00e8ves<\/h2>\n<p>&nbsp;<\/p>\n<p>Le 4 octobre au soir s\u2019est tenue la 5e \u00e9dition de la Nuit du Droit, dont la r\u00e9ussite doit beaucoup \u00e0 l\u2019implication des professeurs de lyc\u00e9e et de leurs \u00e9l\u00e8ves.<\/p>\n<p>Gr\u00e2ce \u00e0 l\u2019association Parlons D\u00e9mocratie et \u00e0 l\u2019implication de leurs professeurs, 448 lyc\u00e9ens ont ainsi pu \u00e9couter le grand t\u00e9moignage d\u2019Yves Charpenel, premier avocat g\u00e9n\u00e9ral honoraire \u00e0 la Cour de cassation, sur le m\u00e9tier de magistrat puis d\u00e9fendre leurs amendements sur le projet de loi fictif proposant d\u2019abaisser l\u2019\u00e2ge du droit de vote \u00e0 16 ans. Il s\u2019agit d\u2019un \u00e9v\u00e8nement in\u00e9dit et original, qui a permis, conform\u00e9ment \u00e0 l\u2019ambition de la Nuit de droit, de contribuer \u00e0 faire conna\u00eetre le droit \u00e0 des non juristes et peut-\u00eatre faire na\u00eetre des vocations.<\/p>\n<p>&nbsp;<\/p>\n<p>Lire et t\u00e9l\u00e9charger l&rsquo;article[gview file=\u00a0\u00bbhttps:\/\/ecogestion-legt.enseigne.ac-lyon.fr\/legt\/wp-content\/uploads\/2023\/10\/droit_07102023.pdf\u00a0\u00bb]<\/p>\n","protected":false},"excerpt":{"rendered":"<p>L\u2019implication des professeurs de lyc\u00e9e et de leurs \u00e9l\u00e8ves &nbsp; Le 4 octobre au soir s\u2019est tenue la 5e \u00e9dition de la Nuit du Droit, dont la r\u00e9ussite doit beaucoup \u00e0 l\u2019implication des professeurs de lyc\u00e9e et de leurs \u00e9l\u00e8ves. Gr\u00e2ce \u00e0 l\u2019association Parlons D\u00e9mocratie et \u00e0 l\u2019implication de leurs professeurs, 448 lyc\u00e9ens ont ainsi [&hellip;]<\/p>\n","protected":false},"author":17,"featured_media":11671,"comment_status":"closed","ping_status":"open","sticky":false,"template":"","format":"standard","meta":{"footnotes":""},"categories":[290,496,152],"tags":[333,343,393,573],"class_list":["post-20178","post","type-post","status-publish","format-standard","has-post-thumbnail","hentry","category-actualites-stmg","category-zoom-videos","category-zooms","tag-terminale-stmg","tag-premiere-stmg","tag-accueil_zoom","tag-economie-et-gestion"],"_links":{"self":[{"href":"https:\/\/ecogestion-legt.enseigne.ac-lyon.fr\/legt\/wp-json\/wp\/v2\/posts\/20178","targetHints":{"allow":["GET"]}}],"collection":[{"href":"https:\/\/ecogestion-legt.enseigne.ac-lyon.fr\/legt\/wp-json\/wp\/v2\/posts"}],"about":[{"href":"https:\/\/ecogestion-legt.enseigne.ac-lyon.fr\/legt\/wp-json\/wp\/v2\/types\/post"}],"author":[{"embeddable":true,"href":"https:\/\/ecogestion-legt.enseigne.ac-lyon.fr\/legt\/wp-json\/wp\/v2\/users\/17"}],"replies":[{"embeddable":true,"href":"https:\/\/ecogestion-legt.enseigne.ac-lyon.fr\/legt\/wp-json\/wp\/v2\/comments?post=20178"}],"version-history":[{"count":1,"href":"https:\/\/ecogestion-legt.enseigne.ac-lyon.fr\/legt\/wp-json\/wp\/v2\/posts\/20178\/revisions"}],"predecessor-version":[{"id":20180,"href":"https:\/\/ecogestion-legt.enseigne.ac-lyon.fr\/legt\/wp-json\/wp\/v2\/posts\/20178\/revisions\/20180"}],"wp:featuredmedia":[{"embeddable":true,"href":"https:\/\/ecogestion-legt.enseigne.ac-lyon.fr\/legt\/wp-json\/wp\/v2\/media\/11671"}],"wp:attachment":[{"href":"https:\/\/ecogestion-legt.enseigne.ac-lyon.fr\/legt\/wp-json\/wp\/v2\/media?parent=20178"}],"wp:term":[{"taxonomy":"category","embeddable":true,"href":"https:\/\/ecogestion-legt.enseigne.ac-lyon.fr\/legt\/wp-json\/wp\/v2\/categories?post=20178"},{"taxonomy":"post_tag","embeddable":true,"href":"https:\/\/ecogestion-legt.enseigne.ac-lyon.fr\/legt\/wp-json\/wp\/v2\/tags?post=20178"}],"curies":[{"name":"wp","href":"https:\/\/api.w.org\/{rel}","templated":true}]}}