
{"id":20092,"date":"2023-09-23T12:25:30","date_gmt":"2023-09-23T10:25:30","guid":{"rendered":"https:\/\/ecogestion-legt.enseigne.ac-lyon.fr\/legt\/?p=20092&#038;preview=true&#038;preview_id=20092"},"modified":"2023-09-23T12:40:16","modified_gmt":"2023-09-23T10:40:16","slug":"le-harcelement-nuit-gravement-a-la-vie-scolaire-des-ecoles-et-des-etablissements","status":"publish","type":"post","link":"https:\/\/ecogestion-legt.enseigne.ac-lyon.fr\/legt\/le-harcelement-nuit-gravement-a-la-vie-scolaire-des-ecoles-et-des-etablissements\/","title":{"rendered":"\u00c9coGest Lyon : Rentr\u00e9e 2023 : de nouvelles mesures contre le harc\u00e8lement \u00e0 l\u2019\u00c9cole"},"content":{"rendered":"<p>\u00c0 la rentr\u00e9e 2023 et pour pr\u00e9venir ou traiter plus efficacement et rapidement les situations les plus complexes, notamment dans le premier degr\u00e9, des mesures viennent compl\u00e9ter celles d\u00e9j\u00e0 en place.<\/p>\n<p>\u00c9tendre le programme pHARe aux lyc\u00e9es d\u00e8s la rentr\u00e9e 2023<br \/>\nAtteindre l\u2019objectif de 100% des \u00e9coles et coll\u00e8ges ins\u00e9r\u00e9s dans le programme pHARe<br \/>\nSyst\u00e9matiser la communication des num\u00e9ros d\u2019urgence 3018 et 3020<br \/>\nFormer tous les personnels \u00e0 la lutte contre le harc\u00e8lement scolaire<br \/>\nPr\u00e9venir ou r\u00e9soudre les situations les plus complexes, notamment dans le premier degr\u00e9.<br \/>\n<a href=\"https:\/\/www.education.gouv.fr\/non-au-harcelement\/politique-de-lutte-contre-le-harcelement-l-ecole-289530\">Lire la suite<\/a><\/p>\n","protected":false},"excerpt":{"rendered":"<p>\u00c0 la rentr\u00e9e 2023 et pour pr\u00e9venir ou traiter plus efficacement et rapidement les situations les plus complexes, notamment dans le premier degr\u00e9, des mesures viennent compl\u00e9ter celles d\u00e9j\u00e0 en place. \u00c9tendre le programme pHARe aux lyc\u00e9es d\u00e8s la rentr\u00e9e 2023 Atteindre l\u2019objectif de 100% des \u00e9coles et coll\u00e8ges ins\u00e9r\u00e9s dans le programme pHARe Syst\u00e9matiser [&hellip;]<\/p>\n","protected":false},"author":17,"featured_media":0,"comment_status":"closed","ping_status":"open","sticky":false,"template":"","format":"standard","meta":{"footnotes":""},"categories":[12],"tags":[700,836,838,839],"class_list":["post-20092","post","type-post","status-publish","format-standard","hentry","category-flashs","tag-breve","tag-ressource","tag-harcelement","tag-mesures"],"_links":{"self":[{"href":"https:\/\/ecogestion-legt.enseigne.ac-lyon.fr\/legt\/wp-json\/wp\/v2\/posts\/20092","targetHints":{"allow":["GET"]}}],"collection":[{"href":"https:\/\/ecogestion-legt.enseigne.ac-lyon.fr\/legt\/wp-json\/wp\/v2\/posts"}],"about":[{"href":"https:\/\/ecogestion-legt.enseigne.ac-lyon.fr\/legt\/wp-json\/wp\/v2\/types\/post"}],"author":[{"embeddable":true,"href":"https:\/\/ecogestion-legt.enseigne.ac-lyon.fr\/legt\/wp-json\/wp\/v2\/users\/17"}],"replies":[{"embeddable":true,"href":"https:\/\/ecogestion-legt.enseigne.ac-lyon.fr\/legt\/wp-json\/wp\/v2\/comments?post=20092"}],"version-history":[{"count":3,"href":"https:\/\/ecogestion-legt.enseigne.ac-lyon.fr\/legt\/wp-json\/wp\/v2\/posts\/20092\/revisions"}],"predecessor-version":[{"id":20095,"href":"https:\/\/ecogestion-legt.enseigne.ac-lyon.fr\/legt\/wp-json\/wp\/v2\/posts\/20092\/revisions\/20095"}],"wp:attachment":[{"href":"https:\/\/ecogestion-legt.enseigne.ac-lyon.fr\/legt\/wp-json\/wp\/v2\/media?parent=20092"}],"wp:term":[{"taxonomy":"category","embeddable":true,"href":"https:\/\/ecogestion-legt.enseigne.ac-lyon.fr\/legt\/wp-json\/wp\/v2\/categories?post=20092"},{"taxonomy":"post_tag","embeddable":true,"href":"https:\/\/ecogestion-legt.enseigne.ac-lyon.fr\/legt\/wp-json\/wp\/v2\/tags?post=20092"}],"curies":[{"name":"wp","href":"https:\/\/api.w.org\/{rel}","templated":true}]}}