
{"id":19983,"date":"2023-09-03T20:39:47","date_gmt":"2023-09-03T18:39:47","guid":{"rendered":"https:\/\/ecogestion-legt.enseigne.ac-lyon.fr\/legt\/?p=19983&#038;preview=true&#038;preview_id=19983"},"modified":"2023-09-03T21:12:42","modified_gmt":"2023-09-03T19:12:42","slug":"evolutions-du-baccalaureat-general-et-technologique-pour-la-session-2024","status":"publish","type":"post","link":"https:\/\/ecogestion-legt.enseigne.ac-lyon.fr\/legt\/evolutions-du-baccalaureat-general-et-technologique-pour-la-session-2024\/","title":{"rendered":"\u00c9coGest Lyon : \u00c9volutions du baccalaur\u00e9at g\u00e9n\u00e9ral et technologique pour la session 2024"},"content":{"rendered":"<p>Madame, Monsieur,<\/p>\n<p>A quelques jours de la rentr\u00e9e, j\u2019ai souhait\u00e9 m\u2019adresser directement \u00e0 vous afin de vous pr\u00e9senter les \u00e9volutions du baccalaur\u00e9at g\u00e9n\u00e9ral et technologique pour la session 2024.<\/p>\n<p>La tenue anticip\u00e9e en mars dernier des \u00e9preuves de sp\u00e9cialit\u00e9 a d\u00e9sorganis\u00e9 les lyc\u00e9es, contribu\u00e9 \u00e0 la d\u00e9motivation voire \u00e0 l\u2019absent\u00e9isme des \u00e9l\u00e8ves et fait perdre de pr\u00e9cieuses heures d\u2019enseignement pour les Seconde et les Premi\u00e8re. Vous avez \u00e9t\u00e9 nombreuses et nombreux \u00e0 me le dire.<\/p>\n<p>J\u2019ai un principe simple : quand une organisation ne fonctionne pas, il faut avoir le courage de la faire \u00e9voluer.<\/p>\n<p>C\u2019est pourquoi, apr\u00e8s avoir concert\u00e9 tout l\u2019\u00e9t\u00e9, j\u2019ai d\u00e9cid\u00e9 de r\u00e9tablir les \u00e9preuves de sp\u00e9cialit\u00e9 en juin \u00e0 compter de la session 2024.<\/p>\n<p>C\u2019est une d\u00e9cision pragmatique pour vous permettre d\u2019organiser et de pr\u00e9parer plus sereinement le baccalaur\u00e9at pour vos \u00e9l\u00e8ves. Avec la ministre charg\u00e9e de l\u2019enseignement sup\u00e9rieur, nous conduisons d\u00e8s \u00e0 pr\u00e9sent les \u00e9changes n\u00e9cessaires pour que le calendrier de Parcoursup soit parfaitement articul\u00e9 avec cette nouvelle modalit\u00e9.<\/p>\n<p>Parall\u00e8lement, je souhaite aussi renforcer l\u2019exigence disciplinaire du grand oral et permettre la reconqu\u00eate du mois de juin pour l\u2019ensemble des lyc\u00e9ens, y compris ceux en classe de Seconde. Je reviendrai donc vers vous dans les toutes prochaines semaines et vous ferai part des ajustements en ce sens, apr\u00e8s avoir nourri ma r\u00e9flexion des contributions de vos repr\u00e9sentants syndicaux.<\/p>\n<p>Pour notre \u00e9cole et la r\u00e9ussite de vos \u00e9l\u00e8ves, je vous souhaite une belle et heureuse rentr\u00e9e.<\/p>\n<p>GABRIEL ATTAL<br \/>\nMinistre de l\u2019\u00c9ducation nationale et de la Jeunesse<\/p>\n<p>&nbsp;<\/p>\n","protected":false},"excerpt":{"rendered":"<p>Madame, Monsieur, A quelques jours de la rentr\u00e9e, j\u2019ai souhait\u00e9 m\u2019adresser directement \u00e0 vous afin de vous pr\u00e9senter les \u00e9volutions du baccalaur\u00e9at g\u00e9n\u00e9ral et technologique pour la session 2024. La tenue anticip\u00e9e en mars dernier des \u00e9preuves de sp\u00e9cialit\u00e9 a d\u00e9sorganis\u00e9 les lyc\u00e9es, contribu\u00e9 \u00e0 la d\u00e9motivation voire \u00e0 l\u2019absent\u00e9isme des \u00e9l\u00e8ves et fait perdre [&hellip;]<\/p>\n","protected":false},"author":17,"featured_media":19911,"comment_status":"closed","ping_status":"open","sticky":false,"template":"","format":"standard","meta":{"footnotes":""},"categories":[12],"tags":[515,700,834],"class_list":["post-19983","post","type-post","status-publish","format-standard","has-post-thumbnail","hentry","category-flashs","tag-bac","tag-breve","tag-evolutions"],"_links":{"self":[{"href":"https:\/\/ecogestion-legt.enseigne.ac-lyon.fr\/legt\/wp-json\/wp\/v2\/posts\/19983","targetHints":{"allow":["GET"]}}],"collection":[{"href":"https:\/\/ecogestion-legt.enseigne.ac-lyon.fr\/legt\/wp-json\/wp\/v2\/posts"}],"about":[{"href":"https:\/\/ecogestion-legt.enseigne.ac-lyon.fr\/legt\/wp-json\/wp\/v2\/types\/post"}],"author":[{"embeddable":true,"href":"https:\/\/ecogestion-legt.enseigne.ac-lyon.fr\/legt\/wp-json\/wp\/v2\/users\/17"}],"replies":[{"embeddable":true,"href":"https:\/\/ecogestion-legt.enseigne.ac-lyon.fr\/legt\/wp-json\/wp\/v2\/comments?post=19983"}],"version-history":[{"count":3,"href":"https:\/\/ecogestion-legt.enseigne.ac-lyon.fr\/legt\/wp-json\/wp\/v2\/posts\/19983\/revisions"}],"predecessor-version":[{"id":19986,"href":"https:\/\/ecogestion-legt.enseigne.ac-lyon.fr\/legt\/wp-json\/wp\/v2\/posts\/19983\/revisions\/19986"}],"wp:featuredmedia":[{"embeddable":true,"href":"https:\/\/ecogestion-legt.enseigne.ac-lyon.fr\/legt\/wp-json\/wp\/v2\/media\/19911"}],"wp:attachment":[{"href":"https:\/\/ecogestion-legt.enseigne.ac-lyon.fr\/legt\/wp-json\/wp\/v2\/media?parent=19983"}],"wp:term":[{"taxonomy":"category","embeddable":true,"href":"https:\/\/ecogestion-legt.enseigne.ac-lyon.fr\/legt\/wp-json\/wp\/v2\/categories?post=19983"},{"taxonomy":"post_tag","embeddable":true,"href":"https:\/\/ecogestion-legt.enseigne.ac-lyon.fr\/legt\/wp-json\/wp\/v2\/tags?post=19983"}],"curies":[{"name":"wp","href":"https:\/\/api.w.org\/{rel}","templated":true}]}}