
{"id":19923,"date":"2023-07-02T22:45:12","date_gmt":"2023-07-02T20:45:12","guid":{"rendered":"https:\/\/ecogestion-legt.enseigne.ac-lyon.fr\/legt\/?p=19923&#038;preview=true&#038;preview_id=19923"},"modified":"2023-07-02T22:47:47","modified_gmt":"2023-07-02T20:47:47","slug":"formation-des-formateurs-et-creation-des-nouveaux-parcours","status":"publish","type":"post","link":"https:\/\/ecogestion-legt.enseigne.ac-lyon.fr\/legt\/formation-des-formateurs-et-creation-des-nouveaux-parcours\/","title":{"rendered":"\u00c9coGest Lyon : Formation des formateurs et cr\u00e9ation des nouveaux parcours"},"content":{"rendered":"<p>L\u2019\u00e9quipe des formateurs acad\u00e9miques s\u2019est r\u00e9unie vendredi matin sur le site de l\u2019EAFC pour travailler \u00e0 la pr\u00e9paration des parcours de l\u2019ann\u00e9e prochaine.<\/p>\n<p>L\u2019offre de parcours sera plurielle et devrait permettre \u00e0 tous les BTS de b\u00e9n\u00e9ficier d\u2019au moins un parcours de formation. Le \u201cpr\u00e9 bac\u201d n \u2018est pas en reste car de nouveaux parcours vont aussi voir le jour sur STMG ainsi que des parcours sur l\u2019actualisation des connaissances en droit, en \u00e9conomie et en management.<\/p>\n<p>Le corps d\u2019inspection remercie l\u2019ensemble des formateurs pour leur engagement exemplaire tout au long de l\u2019ann\u00e9e pour vous apporter les conseils, les ressources et les explications n\u00e9cessaires \u00e0 l\u2019exercice de vos missions.<\/p>\n<p><a href=\"https:\/\/www.ac-lyon.fr\/le-programme-de-formation-125467\">Le programme de formation | Acad\u00e9mie de Lyon (ac-lyon.fr)<\/a><\/p>\n<p>&nbsp;<\/p>\n<p>&nbsp;<\/p>\n","protected":false},"excerpt":{"rendered":"<p>L\u2019\u00e9quipe des formateurs acad\u00e9miques s\u2019est r\u00e9unie vendredi matin sur le site de l\u2019EAFC pour travailler \u00e0 la pr\u00e9paration des parcours de l\u2019ann\u00e9e prochaine. L\u2019offre de parcours sera plurielle et devrait permettre \u00e0 tous les BTS de b\u00e9n\u00e9ficier d\u2019au moins un parcours de formation. Le \u201cpr\u00e9 bac\u201d n \u2018est pas en reste car de nouveaux parcours [&hellip;]<\/p>\n","protected":false},"author":17,"featured_media":19911,"comment_status":"closed","ping_status":"open","sticky":false,"template":"","format":"standard","meta":{"footnotes":""},"categories":[12],"tags":[559,700,739],"class_list":["post-19923","post","type-post","status-publish","format-standard","has-post-thumbnail","hentry","category-flashs","tag-formation","tag-breve","tag-eafc"],"_links":{"self":[{"href":"https:\/\/ecogestion-legt.enseigne.ac-lyon.fr\/legt\/wp-json\/wp\/v2\/posts\/19923","targetHints":{"allow":["GET"]}}],"collection":[{"href":"https:\/\/ecogestion-legt.enseigne.ac-lyon.fr\/legt\/wp-json\/wp\/v2\/posts"}],"about":[{"href":"https:\/\/ecogestion-legt.enseigne.ac-lyon.fr\/legt\/wp-json\/wp\/v2\/types\/post"}],"author":[{"embeddable":true,"href":"https:\/\/ecogestion-legt.enseigne.ac-lyon.fr\/legt\/wp-json\/wp\/v2\/users\/17"}],"replies":[{"embeddable":true,"href":"https:\/\/ecogestion-legt.enseigne.ac-lyon.fr\/legt\/wp-json\/wp\/v2\/comments?post=19923"}],"version-history":[{"count":1,"href":"https:\/\/ecogestion-legt.enseigne.ac-lyon.fr\/legt\/wp-json\/wp\/v2\/posts\/19923\/revisions"}],"predecessor-version":[{"id":19924,"href":"https:\/\/ecogestion-legt.enseigne.ac-lyon.fr\/legt\/wp-json\/wp\/v2\/posts\/19923\/revisions\/19924"}],"wp:featuredmedia":[{"embeddable":true,"href":"https:\/\/ecogestion-legt.enseigne.ac-lyon.fr\/legt\/wp-json\/wp\/v2\/media\/19911"}],"wp:attachment":[{"href":"https:\/\/ecogestion-legt.enseigne.ac-lyon.fr\/legt\/wp-json\/wp\/v2\/media?parent=19923"}],"wp:term":[{"taxonomy":"category","embeddable":true,"href":"https:\/\/ecogestion-legt.enseigne.ac-lyon.fr\/legt\/wp-json\/wp\/v2\/categories?post=19923"},{"taxonomy":"post_tag","embeddable":true,"href":"https:\/\/ecogestion-legt.enseigne.ac-lyon.fr\/legt\/wp-json\/wp\/v2\/tags?post=19923"}],"curies":[{"name":"wp","href":"https:\/\/api.w.org\/{rel}","templated":true}]}}